{"id":18593,"date":"2022-01-20T13:57:54","date_gmt":"2022-01-20T12:57:54","guid":{"rendered":"https:\/\/solidar.ch\/?p=18593"},"modified":"2023-05-26T14:04:38","modified_gmt":"2023-05-26T13:04:38","slug":"feuer-in-coxs-bazar","status":"publish","type":"post","link":"https:\/\/solidar.ch\/de\/feuer-in-coxs-bazar\/","title":{"rendered":"Feuer in Cox&#8217;s Bazar"},"content":{"rendered":"","protected":false},"excerpt":{"rendered":"","protected":false},"author":22,"featured_media":0,"comment_status":"open","ping_status":"open","sticky":false,"template":"","format":"standard","meta":{"_acf_changed":false,"_seopress_robots_primary_cat":"none","_seopress_titles_title":"","_seopress_titles_desc":"Im Rohingya-Fl\u00fcchtlingslager Kutupalong in Bangladesch sind im Januar zwei Feuer ausgebrochen: Mehr als 5000 Menschen haben ihr Hab und Gut verloren. Solidar Suisse leistet Soforthilfe beim Wiederaufbau der Unterk\u00fcnfte und pr\u00fcft, welche Massnahmen es braucht, um solchen Katastrophen k\u00fcnftig zu verhindern. ","_seopress_robots_index":"","footnotes":""},"categories":[71,59,1],"tags":[],"wf_post_folders":[],"class_list":["post-18593","post","type-post","status-publish","format-standard","hentry","category-bangladesch","category-humanitaere-hilfe","category-unkategorisiert"],"acf":[],"_links":{"self":[{"href":"https:\/\/solidar.ch\/de\/wp-json\/wp\/v2\/posts\/18593","targetHints":{"allow":["GET"]}}],"collection":[{"href":"https:\/\/solidar.ch\/de\/wp-json\/wp\/v2\/posts"}],"about":[{"href":"https:\/\/solidar.ch\/de\/wp-json\/wp\/v2\/types\/post"}],"author":[{"embeddable":true,"href":"https:\/\/solidar.ch\/de\/wp-json\/wp\/v2\/users\/22"}],"replies":[{"embeddable":true,"href":"https:\/\/solidar.ch\/de\/wp-json\/wp\/v2\/comments?post=18593"}],"version-history":[{"count":0,"href":"https:\/\/solidar.ch\/de\/wp-json\/wp\/v2\/posts\/18593\/revisions"}],"wp:attachment":[{"href":"https:\/\/solidar.ch\/de\/wp-json\/wp\/v2\/media?parent=18593"}],"wp:term":[{"taxonomy":"category","embeddable":true,"href":"https:\/\/solidar.ch\/de\/wp-json\/wp\/v2\/categories?post=18593"},{"taxonomy":"post_tag","embeddable":true,"href":"https:\/\/solidar.ch\/de\/wp-json\/wp\/v2\/tags?post=18593"},{"taxonomy":"wf_post_folders","embeddable":true,"href":"https:\/\/solidar.ch\/de\/wp-json\/wp\/v2\/wf_post_folders?post=18593"}],"curies":[{"name":"wp","href":"https:\/\/api.w.org\/{rel}","templated":true}]}}