{"id":22718,"date":"2022-08-03T09:21:10","date_gmt":"2022-08-03T08:21:10","guid":{"rendered":"https:\/\/solidar.ch\/?p=22718"},"modified":"2022-08-03T12:21:56","modified_gmt":"2022-08-03T11:21:56","slug":"die-kolonisierung-ueberwinden","status":"publish","type":"post","link":"https:\/\/solidar.ch\/de\/die-kolonisierung-ueberwinden\/","title":{"rendered":"Die Kolonisierung \u00fcberwinden"},"content":{"rendered":"","protected":false},"excerpt":{"rendered":"","protected":false},"author":13,"featured_media":0,"comment_status":"closed","ping_status":"closed","sticky":false,"template":"","format":"standard","meta":{"_acf_changed":false,"_seopress_robots_primary_cat":"none","_seopress_titles_title":"Die Kolonisierung \u00fcberwinden","_seopress_titles_desc":"Koloniale Strukturen halten sich hartn\u00e4ckig und pr\u00e4gen das 21. Jahrhundert. Wie zeigen sie sich in der Entwicklungszusammenarbeit? Wo steht Solidar Suisse in dieser Diskussion, und was k\u00f6nnen wir tun, um die Machtverh\u00e4ltnisse abzubauen?","_seopress_robots_index":"","footnotes":""},"categories":[61,56,63,58,62],"tags":[],"wf_post_folders":[],"class_list":["post-22718","post","type-post","status-publish","format-standard","hentry","category-demokratie","category-faire-arbeitsbedingungen","category-frauenrechte","category-nachhaltige-wirtschaft","category-soziale-gerechtigkeit"],"acf":[],"_links":{"self":[{"href":"https:\/\/solidar.ch\/de\/wp-json\/wp\/v2\/posts\/22718","targetHints":{"allow":["GET"]}}],"collection":[{"href":"https:\/\/solidar.ch\/de\/wp-json\/wp\/v2\/posts"}],"about":[{"href":"https:\/\/solidar.ch\/de\/wp-json\/wp\/v2\/types\/post"}],"author":[{"embeddable":true,"href":"https:\/\/solidar.ch\/de\/wp-json\/wp\/v2\/users\/13"}],"replies":[{"embeddable":true,"href":"https:\/\/solidar.ch\/de\/wp-json\/wp\/v2\/comments?post=22718"}],"version-history":[{"count":0,"href":"https:\/\/solidar.ch\/de\/wp-json\/wp\/v2\/posts\/22718\/revisions"}],"wp:attachment":[{"href":"https:\/\/solidar.ch\/de\/wp-json\/wp\/v2\/media?parent=22718"}],"wp:term":[{"taxonomy":"category","embeddable":true,"href":"https:\/\/solidar.ch\/de\/wp-json\/wp\/v2\/categories?post=22718"},{"taxonomy":"post_tag","embeddable":true,"href":"https:\/\/solidar.ch\/de\/wp-json\/wp\/v2\/tags?post=22718"},{"taxonomy":"wf_post_folders","embeddable":true,"href":"https:\/\/solidar.ch\/de\/wp-json\/wp\/v2\/wf_post_folders?post=22718"}],"curies":[{"name":"wp","href":"https:\/\/api.w.org\/{rel}","templated":true}]}}