{"id":25765,"date":"2022-10-07T06:56:02","date_gmt":"2022-10-07T05:56:02","guid":{"rendered":"https:\/\/solidar.ch\/?p=25765"},"modified":"2024-10-01T14:25:57","modified_gmt":"2024-10-01T13:25:57","slug":"decent-work-day-2022","status":"publish","type":"post","link":"https:\/\/solidar.ch\/de\/decent-work-day-2022\/","title":{"rendered":"Decent Work Day"},"content":{"rendered":"","protected":false},"excerpt":{"rendered":"","protected":false},"author":22,"featured_media":0,"comment_status":"closed","ping_status":"open","sticky":false,"template":"","format":"standard","meta":{"_acf_changed":false,"_seopress_robots_primary_cat":"none","_seopress_titles_title":"","_seopress_titles_desc":"Der diesj\u00e4hrige Welttag f\u00fcr menschenw\u00fcrdige Arbeit am 7. Oktober ist den Millionen von Arbeitnehmer*innen weltweit gewidmet, die f\u00fcr Lohngerechtigkeit k\u00e4mpfen.","_seopress_robots_index":"","footnotes":""},"categories":[61,56,55,62,1],"tags":[],"wf_post_folders":[],"class_list":["post-25765","post","type-post","status-publish","format-standard","hentry","category-demokratie","category-faire-arbeitsbedingungen","category-moderne-sklaverei","category-soziale-gerechtigkeit","category-unkategorisiert"],"acf":[],"_links":{"self":[{"href":"https:\/\/solidar.ch\/de\/wp-json\/wp\/v2\/posts\/25765","targetHints":{"allow":["GET"]}}],"collection":[{"href":"https:\/\/solidar.ch\/de\/wp-json\/wp\/v2\/posts"}],"about":[{"href":"https:\/\/solidar.ch\/de\/wp-json\/wp\/v2\/types\/post"}],"author":[{"embeddable":true,"href":"https:\/\/solidar.ch\/de\/wp-json\/wp\/v2\/users\/22"}],"replies":[{"embeddable":true,"href":"https:\/\/solidar.ch\/de\/wp-json\/wp\/v2\/comments?post=25765"}],"version-history":[{"count":0,"href":"https:\/\/solidar.ch\/de\/wp-json\/wp\/v2\/posts\/25765\/revisions"}],"wp:attachment":[{"href":"https:\/\/solidar.ch\/de\/wp-json\/wp\/v2\/media?parent=25765"}],"wp:term":[{"taxonomy":"category","embeddable":true,"href":"https:\/\/solidar.ch\/de\/wp-json\/wp\/v2\/categories?post=25765"},{"taxonomy":"post_tag","embeddable":true,"href":"https:\/\/solidar.ch\/de\/wp-json\/wp\/v2\/tags?post=25765"},{"taxonomy":"wf_post_folders","embeddable":true,"href":"https:\/\/solidar.ch\/de\/wp-json\/wp\/v2\/wf_post_folders?post=25765"}],"curies":[{"name":"wp","href":"https:\/\/api.w.org\/{rel}","templated":true}]}}