{"id":32279,"date":"2023-08-18T06:39:38","date_gmt":"2023-08-18T05:39:38","guid":{"rendered":"https:\/\/solidar.ch\/?p=32279"},"modified":"2023-08-18T07:53:36","modified_gmt":"2023-08-18T06:53:36","slug":"bangladesch-ueberschwemmungen-rohingya","status":"publish","type":"post","link":"https:\/\/solidar.ch\/de\/bangladesch-ueberschwemmungen-rohingya\/","title":{"rendered":"Bangladesch: \u00dcberschwemmungen st\u00fcrzen Rohingya weiter ins Elend"},"content":{"rendered":"","protected":false},"excerpt":{"rendered":"","protected":false},"author":28,"featured_media":0,"comment_status":"open","ping_status":"open","sticky":false,"template":"","format":"standard","meta":{"_acf_changed":false,"_seopress_robots_primary_cat":"none","_seopress_titles_title":"Humanit\u00e4re Hilfe f\u00fcr die Rohingya | Solidar Suisse","_seopress_titles_desc":"Der Monsun in Bangladesch f\u00fchrt zu \u00dcberschwemmungen und Erdrutschen, die die Rohingya in noch gr\u00f6sseres Elend st\u00fcrzen. Solidar Suisse startet umgehende humanit\u00e4re Hilfe. ","_seopress_robots_index":"","footnotes":""},"categories":[1],"tags":[],"wf_post_folders":[],"class_list":["post-32279","post","type-post","status-publish","format-standard","hentry","category-unkategorisiert"],"acf":[],"_links":{"self":[{"href":"https:\/\/solidar.ch\/de\/wp-json\/wp\/v2\/posts\/32279","targetHints":{"allow":["GET"]}}],"collection":[{"href":"https:\/\/solidar.ch\/de\/wp-json\/wp\/v2\/posts"}],"about":[{"href":"https:\/\/solidar.ch\/de\/wp-json\/wp\/v2\/types\/post"}],"author":[{"embeddable":true,"href":"https:\/\/solidar.ch\/de\/wp-json\/wp\/v2\/users\/28"}],"replies":[{"embeddable":true,"href":"https:\/\/solidar.ch\/de\/wp-json\/wp\/v2\/comments?post=32279"}],"version-history":[{"count":0,"href":"https:\/\/solidar.ch\/de\/wp-json\/wp\/v2\/posts\/32279\/revisions"}],"wp:attachment":[{"href":"https:\/\/solidar.ch\/de\/wp-json\/wp\/v2\/media?parent=32279"}],"wp:term":[{"taxonomy":"category","embeddable":true,"href":"https:\/\/solidar.ch\/de\/wp-json\/wp\/v2\/categories?post=32279"},{"taxonomy":"post_tag","embeddable":true,"href":"https:\/\/solidar.ch\/de\/wp-json\/wp\/v2\/tags?post=32279"},{"taxonomy":"wf_post_folders","embeddable":true,"href":"https:\/\/solidar.ch\/de\/wp-json\/wp\/v2\/wf_post_folders?post=32279"}],"curies":[{"name":"wp","href":"https:\/\/api.w.org\/{rel}","templated":true}]}}