{"id":34990,"date":"2024-02-15T14:40:12","date_gmt":"2024-02-15T13:40:12","guid":{"rendered":"https:\/\/solidar.ch\/?p=34990"},"modified":"2025-06-02T13:42:37","modified_gmt":"2025-06-02T12:42:37","slug":"wirkungsstudie","status":"publish","type":"post","link":"https:\/\/solidar.ch\/de\/wirkungsstudie\/","title":{"rendered":"Solidar tr\u00e4gt zu Mitbestimmung bei"},"content":{"rendered":"","protected":false},"excerpt":{"rendered":"","protected":false},"author":13,"featured_media":0,"comment_status":"open","ping_status":"open","sticky":false,"template":"","format":"standard","meta":{"_acf_changed":false,"_seopress_robots_primary_cat":"none","_seopress_titles_title":"Solidar tr\u00e4gt erfolgreich zu Mitbestimmung bei | Solidar Suisse","_seopress_titles_desc":"Eine externe Studie hat gezeigt, dass der Solidar-Ansatz f\u00fcr Partizipation sehr wirksam ist. Eine besondere St\u00e4rke unserer Projekte liegt im Dialog aller Beteiligten und der F\u00f6rderung  zivilgesellschaftlicher Organisationen, damit die Betroffenen Einfluss nehmen k\u00f6nnen auf Entscheide, die sie betreffen.","_seopress_robots_index":"","footnotes":""},"categories":[61,63,62],"tags":[],"wf_post_folders":[],"class_list":["post-34990","post","type-post","status-publish","format-standard","hentry","category-demokratie","category-frauenrechte","category-soziale-gerechtigkeit"],"acf":[],"_links":{"self":[{"href":"https:\/\/solidar.ch\/de\/wp-json\/wp\/v2\/posts\/34990","targetHints":{"allow":["GET"]}}],"collection":[{"href":"https:\/\/solidar.ch\/de\/wp-json\/wp\/v2\/posts"}],"about":[{"href":"https:\/\/solidar.ch\/de\/wp-json\/wp\/v2\/types\/post"}],"author":[{"embeddable":true,"href":"https:\/\/solidar.ch\/de\/wp-json\/wp\/v2\/users\/13"}],"replies":[{"embeddable":true,"href":"https:\/\/solidar.ch\/de\/wp-json\/wp\/v2\/comments?post=34990"}],"version-history":[{"count":0,"href":"https:\/\/solidar.ch\/de\/wp-json\/wp\/v2\/posts\/34990\/revisions"}],"wp:attachment":[{"href":"https:\/\/solidar.ch\/de\/wp-json\/wp\/v2\/media?parent=34990"}],"wp:term":[{"taxonomy":"category","embeddable":true,"href":"https:\/\/solidar.ch\/de\/wp-json\/wp\/v2\/categories?post=34990"},{"taxonomy":"post_tag","embeddable":true,"href":"https:\/\/solidar.ch\/de\/wp-json\/wp\/v2\/tags?post=34990"},{"taxonomy":"wf_post_folders","embeddable":true,"href":"https:\/\/solidar.ch\/de\/wp-json\/wp\/v2\/wf_post_folders?post=34990"}],"curies":[{"name":"wp","href":"https:\/\/api.w.org\/{rel}","templated":true}]}}