{"id":39129,"date":"2024-09-17T12:17:54","date_gmt":"2024-09-17T11:17:54","guid":{"rendered":"https:\/\/solidar.ch\/?p=39129"},"modified":"2024-09-20T07:26:21","modified_gmt":"2024-09-20T06:26:21","slug":"auf-augenhoehe","status":"publish","type":"post","link":"https:\/\/solidar.ch\/de\/auf-augenhoehe\/","title":{"rendered":"Partnerschaften auf Augenh\u00f6he"},"content":{"rendered":"","protected":false},"excerpt":{"rendered":"","protected":false},"author":22,"featured_media":0,"comment_status":"open","ping_status":"open","sticky":false,"template":"","format":"standard","meta":{"_acf_changed":false,"_seopress_robots_primary_cat":"none","_seopress_titles_title":"","_seopress_titles_desc":"Ohne Partnerorganisationen keine Zusammenarbeit. Doch wie k\u00f6nnen ungleiche Machtbeziehungen zwischen internationalen Partner*innen ver\u00e4ndert werden, und was tut Solidar Suisse daf\u00fcr?","_seopress_robots_index":"","footnotes":""},"categories":[81,3657,1],"tags":[],"wf_post_folders":[],"class_list":["post-39129","post","type-post","status-publish","format-standard","hentry","category-agenda","category-entwicklungszusammenarbeit","category-unkategorisiert"],"acf":[],"_links":{"self":[{"href":"https:\/\/solidar.ch\/de\/wp-json\/wp\/v2\/posts\/39129","targetHints":{"allow":["GET"]}}],"collection":[{"href":"https:\/\/solidar.ch\/de\/wp-json\/wp\/v2\/posts"}],"about":[{"href":"https:\/\/solidar.ch\/de\/wp-json\/wp\/v2\/types\/post"}],"author":[{"embeddable":true,"href":"https:\/\/solidar.ch\/de\/wp-json\/wp\/v2\/users\/22"}],"replies":[{"embeddable":true,"href":"https:\/\/solidar.ch\/de\/wp-json\/wp\/v2\/comments?post=39129"}],"version-history":[{"count":0,"href":"https:\/\/solidar.ch\/de\/wp-json\/wp\/v2\/posts\/39129\/revisions"}],"wp:attachment":[{"href":"https:\/\/solidar.ch\/de\/wp-json\/wp\/v2\/media?parent=39129"}],"wp:term":[{"taxonomy":"category","embeddable":true,"href":"https:\/\/solidar.ch\/de\/wp-json\/wp\/v2\/categories?post=39129"},{"taxonomy":"post_tag","embeddable":true,"href":"https:\/\/solidar.ch\/de\/wp-json\/wp\/v2\/tags?post=39129"},{"taxonomy":"wf_post_folders","embeddable":true,"href":"https:\/\/solidar.ch\/de\/wp-json\/wp\/v2\/wf_post_folders?post=39129"}],"curies":[{"name":"wp","href":"https:\/\/api.w.org\/{rel}","templated":true}]}}