{"id":43641,"date":"2025-03-05T15:29:15","date_gmt":"2025-03-05T14:29:15","guid":{"rendered":"https:\/\/solidar.ch\/?p=43641"},"modified":"2025-04-04T07:46:43","modified_gmt":"2025-04-04T06:46:43","slug":"die-welt-in-schieflage","status":"publish","type":"post","link":"https:\/\/solidar.ch\/de\/die-welt-in-schieflage\/","title":{"rendered":"Die Welt in Schieflage"},"content":{"rendered":"","protected":false},"excerpt":{"rendered":"","protected":false},"author":22,"featured_media":0,"comment_status":"open","ping_status":"open","sticky":false,"template":"","format":"standard","meta":{"_acf_changed":false,"_seopress_robots_primary_cat":"none","_seopress_titles_title":"","_seopress_titles_desc":"Rechtsruck, Kahlschlag in der internationalen Entwicklungszusammenarbeit und Budget-K\u00fcrzungen: Die internationale Solidarit\u00e4t f\u00e4llt gerade in Tr\u00fcmmer. Und das ist be\u00e4ngstigend. Was bedeutet das f\u00fcr uns? Was k\u00f6nnen wir tun? Ein Kommentar.","_seopress_robots_index":"","footnotes":""},"categories":[81,59,3640,62,3646,1],"tags":[],"wf_post_folders":[],"class_list":["post-43641","post","type-post","status-publish","format-standard","hentry","category-agenda","category-humanitaere-hilfe","category-menschenrechte","category-soziale-gerechtigkeit","category-ungleichheit","category-unkategorisiert"],"acf":[],"_links":{"self":[{"href":"https:\/\/solidar.ch\/de\/wp-json\/wp\/v2\/posts\/43641","targetHints":{"allow":["GET"]}}],"collection":[{"href":"https:\/\/solidar.ch\/de\/wp-json\/wp\/v2\/posts"}],"about":[{"href":"https:\/\/solidar.ch\/de\/wp-json\/wp\/v2\/types\/post"}],"author":[{"embeddable":true,"href":"https:\/\/solidar.ch\/de\/wp-json\/wp\/v2\/users\/22"}],"replies":[{"embeddable":true,"href":"https:\/\/solidar.ch\/de\/wp-json\/wp\/v2\/comments?post=43641"}],"version-history":[{"count":0,"href":"https:\/\/solidar.ch\/de\/wp-json\/wp\/v2\/posts\/43641\/revisions"}],"wp:attachment":[{"href":"https:\/\/solidar.ch\/de\/wp-json\/wp\/v2\/media?parent=43641"}],"wp:term":[{"taxonomy":"category","embeddable":true,"href":"https:\/\/solidar.ch\/de\/wp-json\/wp\/v2\/categories?post=43641"},{"taxonomy":"post_tag","embeddable":true,"href":"https:\/\/solidar.ch\/de\/wp-json\/wp\/v2\/tags?post=43641"},{"taxonomy":"wf_post_folders","embeddable":true,"href":"https:\/\/solidar.ch\/de\/wp-json\/wp\/v2\/wf_post_folders?post=43641"}],"curies":[{"name":"wp","href":"https:\/\/api.w.org\/{rel}","templated":true}]}}