{"id":44662,"date":"2025-04-23T14:43:55","date_gmt":"2025-04-23T13:43:55","guid":{"rendered":"https:\/\/solidar.ch\/?p=44662"},"modified":"2025-05-07T09:18:05","modified_gmt":"2025-05-07T08:18:05","slug":"kampf-um-faire-loehne-in-kambodscha","status":"publish","type":"post","link":"https:\/\/solidar.ch\/de\/kampf-um-faire-loehne-in-kambodscha\/","title":{"rendered":"Kampf um faire L\u00f6hne in Kambodscha"},"content":{"rendered":"","protected":false},"excerpt":{"rendered":"","protected":false},"author":28,"featured_media":0,"comment_status":"open","ping_status":"open","sticky":false,"template":"","format":"standard","meta":{"_acf_changed":false,"_seopress_robots_primary_cat":"none","_seopress_titles_title":"","_seopress_titles_desc":"Mit CHF 208 kann auch in Kambodscha niemand leben. Deshalb k\u00e4mpft Solidar Suisse mit Gewerkschaften und Textilarbeiter*innen in Kambodscha f\u00fcr bessere Arbeitsbedingungen und faire L\u00f6hne.","_seopress_robots_index":"","footnotes":""},"categories":[81,71,74,1],"tags":[],"wf_post_folders":[],"class_list":["post-44662","post","type-post","status-publish","format-standard","hentry","category-agenda","category-bangladesch","category-kambodscha","category-unkategorisiert"],"acf":[],"_links":{"self":[{"href":"https:\/\/solidar.ch\/de\/wp-json\/wp\/v2\/posts\/44662","targetHints":{"allow":["GET"]}}],"collection":[{"href":"https:\/\/solidar.ch\/de\/wp-json\/wp\/v2\/posts"}],"about":[{"href":"https:\/\/solidar.ch\/de\/wp-json\/wp\/v2\/types\/post"}],"author":[{"embeddable":true,"href":"https:\/\/solidar.ch\/de\/wp-json\/wp\/v2\/users\/28"}],"replies":[{"embeddable":true,"href":"https:\/\/solidar.ch\/de\/wp-json\/wp\/v2\/comments?post=44662"}],"version-history":[{"count":0,"href":"https:\/\/solidar.ch\/de\/wp-json\/wp\/v2\/posts\/44662\/revisions"}],"wp:attachment":[{"href":"https:\/\/solidar.ch\/de\/wp-json\/wp\/v2\/media?parent=44662"}],"wp:term":[{"taxonomy":"category","embeddable":true,"href":"https:\/\/solidar.ch\/de\/wp-json\/wp\/v2\/categories?post=44662"},{"taxonomy":"post_tag","embeddable":true,"href":"https:\/\/solidar.ch\/de\/wp-json\/wp\/v2\/tags?post=44662"},{"taxonomy":"wf_post_folders","embeddable":true,"href":"https:\/\/solidar.ch\/de\/wp-json\/wp\/v2\/wf_post_folders?post=44662"}],"curies":[{"name":"wp","href":"https:\/\/api.w.org\/{rel}","templated":true}]}}