{"id":47236,"date":"2025-08-19T06:30:09","date_gmt":"2025-08-19T04:30:09","guid":{"rendered":"https:\/\/solidar.ch\/?p=47236"},"modified":"2025-09-26T17:49:47","modified_gmt":"2025-09-26T15:49:47","slug":"mich-beunruhigt-das-wegbrechen-von-werten","status":"publish","type":"post","link":"https:\/\/solidar.ch\/de\/mich-beunruhigt-das-wegbrechen-von-werten\/","title":{"rendered":"\u00abMich beunruhigt das Wegbrechen von Werten\u00bb"},"content":{"rendered":"","protected":false},"excerpt":{"rendered":"","protected":false},"author":13,"featured_media":0,"comment_status":"closed","ping_status":"open","sticky":false,"template":"","format":"standard","meta":{"_acf_changed":false,"_seopress_robots_primary_cat":"none","_seopress_titles_title":"","_seopress_titles_desc":"Patricia Danzi, Chefin der Direktion f\u00fcr Entwicklung und Zusammenarbeit DEZA, erkl\u00e4rt im Interview, wie sich die aktuellen K\u00fcrzungen auf die Entwicklungszusammenarbeit auswirken.","_seopress_robots_index":"","footnotes":""},"categories":[3657,3646],"tags":[],"wf_post_folders":[],"class_list":["post-47236","post","type-post","status-publish","format-standard","hentry","category-entwicklungszusammenarbeit","category-ungleichheit"],"acf":[],"_links":{"self":[{"href":"https:\/\/solidar.ch\/de\/wp-json\/wp\/v2\/posts\/47236","targetHints":{"allow":["GET"]}}],"collection":[{"href":"https:\/\/solidar.ch\/de\/wp-json\/wp\/v2\/posts"}],"about":[{"href":"https:\/\/solidar.ch\/de\/wp-json\/wp\/v2\/types\/post"}],"author":[{"embeddable":true,"href":"https:\/\/solidar.ch\/de\/wp-json\/wp\/v2\/users\/13"}],"replies":[{"embeddable":true,"href":"https:\/\/solidar.ch\/de\/wp-json\/wp\/v2\/comments?post=47236"}],"version-history":[{"count":0,"href":"https:\/\/solidar.ch\/de\/wp-json\/wp\/v2\/posts\/47236\/revisions"}],"wp:attachment":[{"href":"https:\/\/solidar.ch\/de\/wp-json\/wp\/v2\/media?parent=47236"}],"wp:term":[{"taxonomy":"category","embeddable":true,"href":"https:\/\/solidar.ch\/de\/wp-json\/wp\/v2\/categories?post=47236"},{"taxonomy":"post_tag","embeddable":true,"href":"https:\/\/solidar.ch\/de\/wp-json\/wp\/v2\/tags?post=47236"},{"taxonomy":"wf_post_folders","embeddable":true,"href":"https:\/\/solidar.ch\/de\/wp-json\/wp\/v2\/wf_post_folders?post=47236"}],"curies":[{"name":"wp","href":"https:\/\/api.w.org\/{rel}","templated":true}]}}