{"id":14888,"date":"2024-02-13T01:34:43","date_gmt":"2024-02-13T00:34:43","guid":{"rendered":"https:\/\/solidar.ch\/?p=14888"},"modified":"2024-05-21T11:59:46","modified_gmt":"2024-05-21T10:59:46","slug":"recommandations","status":"publish","type":"post","link":"https:\/\/solidar.ch\/fr\/recommandations\/","title":{"rendered":"Solidar recommande"},"content":{"rendered":"","protected":false},"excerpt":{"rendered":"","protected":false},"author":22,"featured_media":0,"comment_status":"closed","ping_status":"open","sticky":false,"template":"","format":"standard","meta":{"_acf_changed":false,"_seopress_robots_primary_cat":"none","_seopress_titles_title":"Solidar recommande | Solidar Suisse","_seopress_titles_desc":"D\u00e9couvrez les recommandations des collaboratrices et des collaborateurs de Solidar sur des livres, des pi\u00e8ces de th\u00e9\u00e2tre, films et expositions.","_seopress_robots_index":"","footnotes":""},"categories":[1668,38],"tags":[],"wf_post_folders":[],"class_list":["post-14888","post","type-post","status-publish","format-standard","hentry","category-agenda-fr","category-non-classifiee"],"acf":[],"_links":{"self":[{"href":"https:\/\/solidar.ch\/fr\/wp-json\/wp\/v2\/posts\/14888","targetHints":{"allow":["GET"]}}],"collection":[{"href":"https:\/\/solidar.ch\/fr\/wp-json\/wp\/v2\/posts"}],"about":[{"href":"https:\/\/solidar.ch\/fr\/wp-json\/wp\/v2\/types\/post"}],"author":[{"embeddable":true,"href":"https:\/\/solidar.ch\/fr\/wp-json\/wp\/v2\/users\/22"}],"replies":[{"embeddable":true,"href":"https:\/\/solidar.ch\/fr\/wp-json\/wp\/v2\/comments?post=14888"}],"version-history":[{"count":0,"href":"https:\/\/solidar.ch\/fr\/wp-json\/wp\/v2\/posts\/14888\/revisions"}],"wp:attachment":[{"href":"https:\/\/solidar.ch\/fr\/wp-json\/wp\/v2\/media?parent=14888"}],"wp:term":[{"taxonomy":"category","embeddable":true,"href":"https:\/\/solidar.ch\/fr\/wp-json\/wp\/v2\/categories?post=14888"},{"taxonomy":"post_tag","embeddable":true,"href":"https:\/\/solidar.ch\/fr\/wp-json\/wp\/v2\/tags?post=14888"},{"taxonomy":"wf_post_folders","embeddable":true,"href":"https:\/\/solidar.ch\/fr\/wp-json\/wp\/v2\/wf_post_folders?post=14888"}],"curies":[{"name":"wp","href":"https:\/\/api.w.org\/{rel}","templated":true}]}}