{"id":15800,"date":"2021-08-11T12:19:14","date_gmt":"2021-08-11T11:19:14","guid":{"rendered":"https:\/\/solidar.ch\/?p=15800"},"modified":"2022-09-22T15:58:04","modified_gmt":"2022-09-22T14:58:04","slug":"huile-de-palme-des-conditions-de-travail-encore-pejorees-avec-le-covid","status":"publish","type":"post","link":"https:\/\/solidar.ch\/fr\/huile-de-palme-des-conditions-de-travail-encore-pejorees-avec-le-covid\/","title":{"rendered":"Huile de palme: des conditions de vie p\u00e9jor\u00e9es avec le COVID"},"content":{"rendered":"","protected":false},"excerpt":{"rendered":"","protected":false},"author":13,"featured_media":0,"comment_status":"closed","ping_status":"open","sticky":false,"template":"","format":"standard","meta":{"_acf_changed":false,"_seopress_robots_primary_cat":"none","_seopress_titles_title":"Huile de palme: conditions de vie p\u00e9jor\u00e9es par le COVID | Solidar Suisse","_seopress_titles_desc":"Dans les plantations de palmiers \u00e0 huile en Indon\u00e9sie et en Malaisie, les travailleur\u00b7euses luttent pour leur subsistance en raison des restrictions dues au COVID","_seopress_robots_index":"","footnotes":""},"categories":[1589,139,1672],"tags":[],"wf_post_folders":[],"class_list":["post-15800","post","type-post","status-publish","format-standard","hentry","category-des-conditions-de-travail-equitables","category-economie-durable","category-indonesie"],"acf":[],"_links":{"self":[{"href":"https:\/\/solidar.ch\/fr\/wp-json\/wp\/v2\/posts\/15800","targetHints":{"allow":["GET"]}}],"collection":[{"href":"https:\/\/solidar.ch\/fr\/wp-json\/wp\/v2\/posts"}],"about":[{"href":"https:\/\/solidar.ch\/fr\/wp-json\/wp\/v2\/types\/post"}],"author":[{"embeddable":true,"href":"https:\/\/solidar.ch\/fr\/wp-json\/wp\/v2\/users\/13"}],"replies":[{"embeddable":true,"href":"https:\/\/solidar.ch\/fr\/wp-json\/wp\/v2\/comments?post=15800"}],"version-history":[{"count":0,"href":"https:\/\/solidar.ch\/fr\/wp-json\/wp\/v2\/posts\/15800\/revisions"}],"wp:attachment":[{"href":"https:\/\/solidar.ch\/fr\/wp-json\/wp\/v2\/media?parent=15800"}],"wp:term":[{"taxonomy":"category","embeddable":true,"href":"https:\/\/solidar.ch\/fr\/wp-json\/wp\/v2\/categories?post=15800"},{"taxonomy":"post_tag","embeddable":true,"href":"https:\/\/solidar.ch\/fr\/wp-json\/wp\/v2\/tags?post=15800"},{"taxonomy":"wf_post_folders","embeddable":true,"href":"https:\/\/solidar.ch\/fr\/wp-json\/wp\/v2\/wf_post_folders?post=15800"}],"curies":[{"name":"wp","href":"https:\/\/api.w.org\/{rel}","templated":true}]}}