{"id":16020,"date":"2021-08-26T15:29:06","date_gmt":"2021-08-26T14:29:06","guid":{"rendered":"https:\/\/solidar.ch\/ausschreitungen-in-suedafrika-reaktion-auf-armut-und-hunger\/"},"modified":"2021-08-30T13:43:39","modified_gmt":"2021-08-30T12:43:39","slug":"emeutes-afrique-du-sud-pauvrete-faim","status":"publish","type":"post","link":"https:\/\/solidar.ch\/fr\/emeutes-afrique-du-sud-pauvrete-faim\/","title":{"rendered":"\u00c9meutes en Afrique du Sud: \u00ab\u00a0une r\u00e9action \u00e0 la pauvret\u00e9 et la faim\u00a0\u00bb"},"content":{"rendered":"","protected":false},"excerpt":{"rendered":"","protected":false},"author":13,"featured_media":0,"comment_status":"closed","ping_status":"open","sticky":false,"template":"","format":"standard","meta":{"_acf_changed":false,"_seopress_robots_primary_cat":"none","_seopress_titles_title":"\u00c9meutes en Afrique du Sud: &quot;une r\u00e9action \u00e0 la pauvret\u00e9 et la faim&quot; - Solidar Suisse","_seopress_titles_desc":"L&#039;Afrique du Sud a r\u00e9cemment connu les troubles les plus violents de son Histoire depuis la fin de l&#039;Apartheid. Une r\u00e9action contre la pauvret\u00e9 et la faim, selon notre organisation partenaire.","_seopress_robots_index":"","footnotes":""},"categories":[1589,1615,3578],"tags":[],"wf_post_folders":[],"class_list":["post-16020","post","type-post","status-publish","format-standard","hentry","category-des-conditions-de-travail-equitables","category-justice-sociale","category-suedafrika-fr"],"acf":[],"_links":{"self":[{"href":"https:\/\/solidar.ch\/fr\/wp-json\/wp\/v2\/posts\/16020","targetHints":{"allow":["GET"]}}],"collection":[{"href":"https:\/\/solidar.ch\/fr\/wp-json\/wp\/v2\/posts"}],"about":[{"href":"https:\/\/solidar.ch\/fr\/wp-json\/wp\/v2\/types\/post"}],"author":[{"embeddable":true,"href":"https:\/\/solidar.ch\/fr\/wp-json\/wp\/v2\/users\/13"}],"replies":[{"embeddable":true,"href":"https:\/\/solidar.ch\/fr\/wp-json\/wp\/v2\/comments?post=16020"}],"version-history":[{"count":0,"href":"https:\/\/solidar.ch\/fr\/wp-json\/wp\/v2\/posts\/16020\/revisions"}],"wp:attachment":[{"href":"https:\/\/solidar.ch\/fr\/wp-json\/wp\/v2\/media?parent=16020"}],"wp:term":[{"taxonomy":"category","embeddable":true,"href":"https:\/\/solidar.ch\/fr\/wp-json\/wp\/v2\/categories?post=16020"},{"taxonomy":"post_tag","embeddable":true,"href":"https:\/\/solidar.ch\/fr\/wp-json\/wp\/v2\/tags?post=16020"},{"taxonomy":"wf_post_folders","embeddable":true,"href":"https:\/\/solidar.ch\/fr\/wp-json\/wp\/v2\/wf_post_folders?post=16020"}],"curies":[{"name":"wp","href":"https:\/\/api.w.org\/{rel}","templated":true}]}}