{"id":17990,"date":"2021-12-09T09:55:16","date_gmt":"2021-12-09T08:55:16","guid":{"rendered":"https:\/\/solidar.ch\/jeder-mensch-hat-ein-recht-auf-schutz\/"},"modified":"2021-12-17T10:46:13","modified_gmt":"2021-12-17T09:46:13","slug":"jeder-mensch-hat-ein-recht-auf-schutz","status":"publish","type":"post","link":"https:\/\/solidar.ch\/fr\/jeder-mensch-hat-ein-recht-auf-schutz\/","title":{"rendered":"\u00abToute personne a le droit d&rsquo;\u00eatre prot\u00e9g\u00e9e\u00bb"},"content":{"rendered":"","protected":false},"excerpt":{"rendered":"","protected":false},"author":13,"featured_media":0,"comment_status":"closed","ping_status":"closed","sticky":false,"template":"","format":"standard","meta":{"_acf_changed":false,"_seopress_robots_primary_cat":"none","_seopress_titles_title":"\u00abToute personne a le droit d&#039;\u00eatre prot\u00e9g\u00e9e\u00bb","_seopress_titles_desc":"Aida Behrem de l&#039;organisation partenaire de Solidar Women from Una soutient les r\u00e9fugi\u00e9\u00b7e\u00b7s rest\u00e9\u00b7e\u00b7s bloqu\u00e9\u00b7e\u00b7s en Bosnie.","_seopress_robots_index":"","footnotes":""},"categories":[1670,1608,1615],"tags":[],"wf_post_folders":[],"class_list":["post-17990","post","type-post","status-publish","format-standard","hentry","category-bosnie","category-democratie","category-justice-sociale"],"acf":[],"_links":{"self":[{"href":"https:\/\/solidar.ch\/fr\/wp-json\/wp\/v2\/posts\/17990","targetHints":{"allow":["GET"]}}],"collection":[{"href":"https:\/\/solidar.ch\/fr\/wp-json\/wp\/v2\/posts"}],"about":[{"href":"https:\/\/solidar.ch\/fr\/wp-json\/wp\/v2\/types\/post"}],"author":[{"embeddable":true,"href":"https:\/\/solidar.ch\/fr\/wp-json\/wp\/v2\/users\/13"}],"replies":[{"embeddable":true,"href":"https:\/\/solidar.ch\/fr\/wp-json\/wp\/v2\/comments?post=17990"}],"version-history":[{"count":0,"href":"https:\/\/solidar.ch\/fr\/wp-json\/wp\/v2\/posts\/17990\/revisions"}],"wp:attachment":[{"href":"https:\/\/solidar.ch\/fr\/wp-json\/wp\/v2\/media?parent=17990"}],"wp:term":[{"taxonomy":"category","embeddable":true,"href":"https:\/\/solidar.ch\/fr\/wp-json\/wp\/v2\/categories?post=17990"},{"taxonomy":"post_tag","embeddable":true,"href":"https:\/\/solidar.ch\/fr\/wp-json\/wp\/v2\/tags?post=17990"},{"taxonomy":"wf_post_folders","embeddable":true,"href":"https:\/\/solidar.ch\/fr\/wp-json\/wp\/v2\/wf_post_folders?post=17990"}],"curies":[{"name":"wp","href":"https:\/\/api.w.org\/{rel}","templated":true}]}}