{"id":20182,"date":"2022-03-21T18:04:14","date_gmt":"2022-03-21T17:04:14","guid":{"rendered":"https:\/\/solidar.ch\/das-ernaehrungs-system-demokratisieren\/"},"modified":"2022-03-22T14:23:49","modified_gmt":"2022-03-22T13:23:49","slug":"democratiser-systeme-alimentaire","status":"publish","type":"post","link":"https:\/\/solidar.ch\/fr\/democratiser-systeme-alimentaire\/","title":{"rendered":"\u00abIl faut d\u00e9mocratiser le syst\u00e8me alimentaire\u00bb"},"content":{"rendered":"","protected":false},"excerpt":{"rendered":"","protected":false},"author":13,"featured_media":0,"comment_status":"closed","ping_status":"closed","sticky":false,"template":"","format":"standard","meta":{"_acf_changed":false,"_seopress_robots_primary_cat":"none","_seopress_titles_title":"D\u00e9mocratiser le syst\u00e8me alimentaire | Solidar Suisse","_seopress_titles_desc":"Johanna Jacobi, professeure de transition agro\u00e9cologique \u00e0 l\u2019EPF de Zurich, explique comment l\u2019agriculture et l\u2019alimentation doivent changer de mani\u00e8re \u00e9quitable.","_seopress_robots_index":"","footnotes":""},"categories":[136,1589,1673],"tags":[],"wf_post_folders":[],"class_list":["post-20182","post","type-post","status-publish","format-standard","hentry","category-bangladesh","category-des-conditions-de-travail-equitables","category-justice-climatique"],"acf":[],"_links":{"self":[{"href":"https:\/\/solidar.ch\/fr\/wp-json\/wp\/v2\/posts\/20182","targetHints":{"allow":["GET"]}}],"collection":[{"href":"https:\/\/solidar.ch\/fr\/wp-json\/wp\/v2\/posts"}],"about":[{"href":"https:\/\/solidar.ch\/fr\/wp-json\/wp\/v2\/types\/post"}],"author":[{"embeddable":true,"href":"https:\/\/solidar.ch\/fr\/wp-json\/wp\/v2\/users\/13"}],"replies":[{"embeddable":true,"href":"https:\/\/solidar.ch\/fr\/wp-json\/wp\/v2\/comments?post=20182"}],"version-history":[{"count":0,"href":"https:\/\/solidar.ch\/fr\/wp-json\/wp\/v2\/posts\/20182\/revisions"}],"wp:attachment":[{"href":"https:\/\/solidar.ch\/fr\/wp-json\/wp\/v2\/media?parent=20182"}],"wp:term":[{"taxonomy":"category","embeddable":true,"href":"https:\/\/solidar.ch\/fr\/wp-json\/wp\/v2\/categories?post=20182"},{"taxonomy":"post_tag","embeddable":true,"href":"https:\/\/solidar.ch\/fr\/wp-json\/wp\/v2\/tags?post=20182"},{"taxonomy":"wf_post_folders","embeddable":true,"href":"https:\/\/solidar.ch\/fr\/wp-json\/wp\/v2\/wf_post_folders?post=20182"}],"curies":[{"name":"wp","href":"https:\/\/api.w.org\/{rel}","templated":true}]}}