{"id":20215,"date":"2022-04-07T12:36:23","date_gmt":"2022-04-07T11:36:23","guid":{"rendered":"https:\/\/solidar.ch\/?p=20215"},"modified":"2022-04-07T12:41:58","modified_gmt":"2022-04-07T11:41:58","slug":"pas-aux-frais","status":"publish","type":"post","link":"https:\/\/solidar.ch\/fr\/pas-aux-frais\/","title":{"rendered":"Pas aux frais des travailleuses et travailleurs"},"content":{"rendered":"","protected":false},"excerpt":{"rendered":"","protected":false},"author":13,"featured_media":0,"comment_status":"closed","ping_status":"closed","sticky":false,"template":"","format":"standard","meta":{"_acf_changed":false,"_seopress_robots_primary_cat":"none","_seopress_titles_title":"","_seopress_titles_desc":"Qu\u2019est-ce qu\u2019un changement \u00e9quitable pour nos partenaires du Sud ? Quelles sont leurs attentes \u00e0 l\u2019\u00e9gard de leurs alli\u00e9\u00b7e\u00b7s du Nord ? Le r\u00e9seau europ\u00e9en SOLIDAR apporte une r\u00e9ponse \u00e0 cette question.","_seopress_robots_index":"","footnotes":""},"categories":[1589,1673,1615],"tags":[],"wf_post_folders":[],"class_list":["post-20215","post","type-post","status-publish","format-standard","hentry","category-des-conditions-de-travail-equitables","category-justice-climatique","category-justice-sociale"],"acf":[],"_links":{"self":[{"href":"https:\/\/solidar.ch\/fr\/wp-json\/wp\/v2\/posts\/20215","targetHints":{"allow":["GET"]}}],"collection":[{"href":"https:\/\/solidar.ch\/fr\/wp-json\/wp\/v2\/posts"}],"about":[{"href":"https:\/\/solidar.ch\/fr\/wp-json\/wp\/v2\/types\/post"}],"author":[{"embeddable":true,"href":"https:\/\/solidar.ch\/fr\/wp-json\/wp\/v2\/users\/13"}],"replies":[{"embeddable":true,"href":"https:\/\/solidar.ch\/fr\/wp-json\/wp\/v2\/comments?post=20215"}],"version-history":[{"count":0,"href":"https:\/\/solidar.ch\/fr\/wp-json\/wp\/v2\/posts\/20215\/revisions"}],"wp:attachment":[{"href":"https:\/\/solidar.ch\/fr\/wp-json\/wp\/v2\/media?parent=20215"}],"wp:term":[{"taxonomy":"category","embeddable":true,"href":"https:\/\/solidar.ch\/fr\/wp-json\/wp\/v2\/categories?post=20215"},{"taxonomy":"post_tag","embeddable":true,"href":"https:\/\/solidar.ch\/fr\/wp-json\/wp\/v2\/tags?post=20215"},{"taxonomy":"wf_post_folders","embeddable":true,"href":"https:\/\/solidar.ch\/fr\/wp-json\/wp\/v2\/wf_post_folders?post=20215"}],"curies":[{"name":"wp","href":"https:\/\/api.w.org\/{rel}","templated":true}]}}