{"id":22153,"date":"2022-06-15T09:40:23","date_gmt":"2022-06-15T08:40:23","guid":{"rendered":"https:\/\/solidar.ch\/forderung-nach-asbeststopp\/"},"modified":"2022-07-04T12:31:28","modified_gmt":"2022-07-04T11:31:28","slug":"stop-amiante","status":"publish","type":"post","link":"https:\/\/solidar.ch\/fr\/stop-amiante\/","title":{"rendered":"Stop \u00e0 l&rsquo;amiante"},"content":{"rendered":"","protected":false},"excerpt":{"rendered":"","protected":false},"author":22,"featured_media":0,"comment_status":"open","ping_status":"open","sticky":false,"template":"","format":"standard","meta":{"_acf_changed":false,"_seopress_robots_primary_cat":"none","_seopress_titles_title":"Action \u00e0 Gen\u00e8ve: Halte \u00e0 l&#039;amiante - Solidar Suisse","_seopress_titles_desc":"Avec plus de 30 organisations, nous avons demand\u00e9 aux pays d&#039;agir: l&#039;amiante doit \u00eatre interdit dans le monde. Cette substance provoque encore de 200&#039;000 d\u00e9c\u00e8s par an. ","_seopress_robots_index":"","footnotes":""},"categories":[1668,3625,3628,1589,1672,38],"tags":[],"wf_post_folders":[],"class_list":["post-22153","post","type-post","status-publish","format-standard","hentry","category-agenda-fr","category-asbest-fr","category-asbestos-fr","category-des-conditions-de-travail-equitables","category-indonesie","category-non-classifiee"],"acf":[],"_links":{"self":[{"href":"https:\/\/solidar.ch\/fr\/wp-json\/wp\/v2\/posts\/22153","targetHints":{"allow":["GET"]}}],"collection":[{"href":"https:\/\/solidar.ch\/fr\/wp-json\/wp\/v2\/posts"}],"about":[{"href":"https:\/\/solidar.ch\/fr\/wp-json\/wp\/v2\/types\/post"}],"author":[{"embeddable":true,"href":"https:\/\/solidar.ch\/fr\/wp-json\/wp\/v2\/users\/22"}],"replies":[{"embeddable":true,"href":"https:\/\/solidar.ch\/fr\/wp-json\/wp\/v2\/comments?post=22153"}],"version-history":[{"count":0,"href":"https:\/\/solidar.ch\/fr\/wp-json\/wp\/v2\/posts\/22153\/revisions"}],"wp:attachment":[{"href":"https:\/\/solidar.ch\/fr\/wp-json\/wp\/v2\/media?parent=22153"}],"wp:term":[{"taxonomy":"category","embeddable":true,"href":"https:\/\/solidar.ch\/fr\/wp-json\/wp\/v2\/categories?post=22153"},{"taxonomy":"post_tag","embeddable":true,"href":"https:\/\/solidar.ch\/fr\/wp-json\/wp\/v2\/tags?post=22153"},{"taxonomy":"wf_post_folders","embeddable":true,"href":"https:\/\/solidar.ch\/fr\/wp-json\/wp\/v2\/wf_post_folders?post=22153"}],"curies":[{"name":"wp","href":"https:\/\/api.w.org\/{rel}","templated":true}]}}