{"id":22518,"date":"2022-07-11T10:00:00","date_gmt":"2022-07-11T09:00:00","guid":{"rendered":"https:\/\/solidar.ch\/?p=22518"},"modified":"2024-12-13T16:15:06","modified_gmt":"2024-12-13T15:15:06","slug":"solidar-suisse-en-ukraine","status":"publish","type":"post","link":"https:\/\/solidar.ch\/fr\/solidar-suisse-en-ukraine\/","title":{"rendered":"Solidar Suisse en Ukraine"},"content":{"rendered":"","protected":false},"excerpt":{"rendered":"","protected":false},"author":22,"featured_media":0,"comment_status":"open","ping_status":"open","sticky":false,"template":"","format":"standard","meta":{"_acf_changed":false,"_seopress_robots_primary_cat":"none","_seopress_titles_title":"Aide humanitaire en Ukraine | Solidar Suisse","_seopress_titles_desc":"Solidar Suisse fournit une aide humanitaire en Ukraine. Nous contribuons \u00e0 renforcer la capacit\u00e9 de r\u00e9sistance des personnes les plus vuln\u00e9rables.","_seopress_robots_index":"","footnotes":""},"categories":[1668,1643,38,3613],"tags":[],"wf_post_folders":[],"class_list":["post-22518","post","type-post","status-publish","format-standard","hentry","category-agenda-fr","category-aide-humanitaire","category-non-classifiee","category-ukraine-fr"],"acf":[],"_links":{"self":[{"href":"https:\/\/solidar.ch\/fr\/wp-json\/wp\/v2\/posts\/22518","targetHints":{"allow":["GET"]}}],"collection":[{"href":"https:\/\/solidar.ch\/fr\/wp-json\/wp\/v2\/posts"}],"about":[{"href":"https:\/\/solidar.ch\/fr\/wp-json\/wp\/v2\/types\/post"}],"author":[{"embeddable":true,"href":"https:\/\/solidar.ch\/fr\/wp-json\/wp\/v2\/users\/22"}],"replies":[{"embeddable":true,"href":"https:\/\/solidar.ch\/fr\/wp-json\/wp\/v2\/comments?post=22518"}],"version-history":[{"count":0,"href":"https:\/\/solidar.ch\/fr\/wp-json\/wp\/v2\/posts\/22518\/revisions"}],"wp:attachment":[{"href":"https:\/\/solidar.ch\/fr\/wp-json\/wp\/v2\/media?parent=22518"}],"wp:term":[{"taxonomy":"category","embeddable":true,"href":"https:\/\/solidar.ch\/fr\/wp-json\/wp\/v2\/categories?post=22518"},{"taxonomy":"post_tag","embeddable":true,"href":"https:\/\/solidar.ch\/fr\/wp-json\/wp\/v2\/tags?post=22518"},{"taxonomy":"wf_post_folders","embeddable":true,"href":"https:\/\/solidar.ch\/fr\/wp-json\/wp\/v2\/wf_post_folders?post=22518"}],"curies":[{"name":"wp","href":"https:\/\/api.w.org\/{rel}","templated":true}]}}