{"id":25894,"date":"2022-10-07T05:00:46","date_gmt":"2022-10-07T04:00:46","guid":{"rendered":"https:\/\/solidar.ch\/?p=25894"},"modified":"2022-10-07T07:07:43","modified_gmt":"2022-10-07T06:07:43","slug":"7-octobre-journee-mondiale-pour-le-travail-decent","status":"publish","type":"post","link":"https:\/\/solidar.ch\/fr\/7-octobre-journee-mondiale-pour-le-travail-decent\/","title":{"rendered":"7 octobre : Journ\u00e9e mondiale pour le travail d\u00e9cent"},"content":{"rendered":"","protected":false},"excerpt":{"rendered":"","protected":false},"author":22,"featured_media":0,"comment_status":"closed","ping_status":"open","sticky":false,"template":"","format":"standard","meta":{"_acf_changed":false,"_seopress_robots_primary_cat":"none","_seopress_titles_title":"Journ\u00e9e mondiale pour le travail d\u00e9cent | Solidar Suisse","_seopress_titles_desc":"La Journ\u00e9e mondiale pour le travail d\u00e9cent est d\u00e9di\u00e9e aux millions de travailleuses et de travailleurs du monde qui luttent pour une justice salariale.  ","_seopress_robots_index":"","footnotes":""},"categories":[1608,1589,1615,138,38],"tags":[],"wf_post_folders":[],"class_list":["post-25894","post","type-post","status-publish","format-standard","hentry","category-democratie","category-des-conditions-de-travail-equitables","category-justice-sociale","category-l-esclavage-moderne","category-non-classifiee"],"acf":[],"_links":{"self":[{"href":"https:\/\/solidar.ch\/fr\/wp-json\/wp\/v2\/posts\/25894","targetHints":{"allow":["GET"]}}],"collection":[{"href":"https:\/\/solidar.ch\/fr\/wp-json\/wp\/v2\/posts"}],"about":[{"href":"https:\/\/solidar.ch\/fr\/wp-json\/wp\/v2\/types\/post"}],"author":[{"embeddable":true,"href":"https:\/\/solidar.ch\/fr\/wp-json\/wp\/v2\/users\/22"}],"replies":[{"embeddable":true,"href":"https:\/\/solidar.ch\/fr\/wp-json\/wp\/v2\/comments?post=25894"}],"version-history":[{"count":0,"href":"https:\/\/solidar.ch\/fr\/wp-json\/wp\/v2\/posts\/25894\/revisions"}],"wp:attachment":[{"href":"https:\/\/solidar.ch\/fr\/wp-json\/wp\/v2\/media?parent=25894"}],"wp:term":[{"taxonomy":"category","embeddable":true,"href":"https:\/\/solidar.ch\/fr\/wp-json\/wp\/v2\/categories?post=25894"},{"taxonomy":"post_tag","embeddable":true,"href":"https:\/\/solidar.ch\/fr\/wp-json\/wp\/v2\/tags?post=25894"},{"taxonomy":"wf_post_folders","embeddable":true,"href":"https:\/\/solidar.ch\/fr\/wp-json\/wp\/v2\/wf_post_folders?post=25894"}],"curies":[{"name":"wp","href":"https:\/\/api.w.org\/{rel}","templated":true}]}}