{"id":27728,"date":"2022-12-15T10:37:36","date_gmt":"2022-12-15T09:37:36","guid":{"rendered":"https:\/\/solidar.ch\/?p=27728"},"modified":"2022-12-15T10:38:06","modified_gmt":"2022-12-15T09:38:06","slug":"defi-notre-lutte-continue","status":"publish","type":"post","link":"https:\/\/solidar.ch\/fr\/defi-notre-lutte-continue\/","title":{"rendered":"D\u00e9fi : notre lutte continue"},"content":{"rendered":"","protected":false},"excerpt":{"rendered":"","protected":false},"author":28,"featured_media":0,"comment_status":"open","ping_status":"open","sticky":false,"template":"","format":"standard","meta":{"_acf_changed":false,"_seopress_robots_primary_cat":"none","_seopress_titles_title":"D\u00e9fi : notre lutte continue | Solidar Suisse","_seopress_titles_desc":"Les in\u00e9galit\u00e9s extr\u00eames \u00e9taient au c\u0153ur de notre campagne \u00ab D\u00e9fions les milliardaires \u00bb. Plus de 1060 personnes ont particip\u00e9 et ont d\u00e9fi\u00e9 un\u00b7e milliardaire. ","_seopress_robots_index":"","footnotes":""},"categories":[1615,38,3647],"tags":[],"wf_post_folders":[],"class_list":["post-27728","post","type-post","status-publish","format-standard","hentry","category-justice-sociale","category-non-classifiee","category-ungleichheit-fr"],"acf":[],"_links":{"self":[{"href":"https:\/\/solidar.ch\/fr\/wp-json\/wp\/v2\/posts\/27728","targetHints":{"allow":["GET"]}}],"collection":[{"href":"https:\/\/solidar.ch\/fr\/wp-json\/wp\/v2\/posts"}],"about":[{"href":"https:\/\/solidar.ch\/fr\/wp-json\/wp\/v2\/types\/post"}],"author":[{"embeddable":true,"href":"https:\/\/solidar.ch\/fr\/wp-json\/wp\/v2\/users\/28"}],"replies":[{"embeddable":true,"href":"https:\/\/solidar.ch\/fr\/wp-json\/wp\/v2\/comments?post=27728"}],"version-history":[{"count":0,"href":"https:\/\/solidar.ch\/fr\/wp-json\/wp\/v2\/posts\/27728\/revisions"}],"wp:attachment":[{"href":"https:\/\/solidar.ch\/fr\/wp-json\/wp\/v2\/media?parent=27728"}],"wp:term":[{"taxonomy":"category","embeddable":true,"href":"https:\/\/solidar.ch\/fr\/wp-json\/wp\/v2\/categories?post=27728"},{"taxonomy":"post_tag","embeddable":true,"href":"https:\/\/solidar.ch\/fr\/wp-json\/wp\/v2\/tags?post=27728"},{"taxonomy":"wf_post_folders","embeddable":true,"href":"https:\/\/solidar.ch\/fr\/wp-json\/wp\/v2\/wf_post_folders?post=27728"}],"curies":[{"name":"wp","href":"https:\/\/api.w.org\/{rel}","templated":true}]}}