{"id":28167,"date":"2023-01-25T20:00:17","date_gmt":"2023-01-25T19:00:17","guid":{"rendered":"https:\/\/solidar.ch\/?p=28167"},"modified":"2023-01-26T10:43:43","modified_gmt":"2023-01-26T09:43:43","slug":"cambodge-liberez-la-dirigeante-syndicale","status":"publish","type":"post","link":"https:\/\/solidar.ch\/fr\/cambodge-liberez-la-dirigeante-syndicale\/","title":{"rendered":"Cambodge: lib\u00e9rez la dirigeante syndicale!"},"content":{"rendered":"","protected":false},"excerpt":{"rendered":"","protected":false},"author":22,"featured_media":0,"comment_status":"open","ping_status":"open","sticky":false,"template":"","format":"standard","meta":{"_acf_changed":false,"_seopress_robots_primary_cat":"none","_seopress_titles_title":"Cambodge : lib\u00e9rez la dirigeante syndicale | Solidar Suisse","_seopress_titles_desc":"La dirigeante syndicale, Chhim Sithar, est \u00e0 nouveau en prison sur la base de charges fallacieuses. Nous demandons sa lib\u00e9ration imm\u00e9diate.","_seopress_robots_index":"","footnotes":""},"categories":[137,1589,1615,3642],"tags":[],"wf_post_folders":[],"class_list":["post-28167","post","type-post","status-publish","format-standard","hentry","category-cambodge","category-des-conditions-de-travail-equitables","category-justice-sociale","category-menschenrechte-fr"],"acf":[],"_links":{"self":[{"href":"https:\/\/solidar.ch\/fr\/wp-json\/wp\/v2\/posts\/28167","targetHints":{"allow":["GET"]}}],"collection":[{"href":"https:\/\/solidar.ch\/fr\/wp-json\/wp\/v2\/posts"}],"about":[{"href":"https:\/\/solidar.ch\/fr\/wp-json\/wp\/v2\/types\/post"}],"author":[{"embeddable":true,"href":"https:\/\/solidar.ch\/fr\/wp-json\/wp\/v2\/users\/22"}],"replies":[{"embeddable":true,"href":"https:\/\/solidar.ch\/fr\/wp-json\/wp\/v2\/comments?post=28167"}],"version-history":[{"count":0,"href":"https:\/\/solidar.ch\/fr\/wp-json\/wp\/v2\/posts\/28167\/revisions"}],"wp:attachment":[{"href":"https:\/\/solidar.ch\/fr\/wp-json\/wp\/v2\/media?parent=28167"}],"wp:term":[{"taxonomy":"category","embeddable":true,"href":"https:\/\/solidar.ch\/fr\/wp-json\/wp\/v2\/categories?post=28167"},{"taxonomy":"post_tag","embeddable":true,"href":"https:\/\/solidar.ch\/fr\/wp-json\/wp\/v2\/tags?post=28167"},{"taxonomy":"wf_post_folders","embeddable":true,"href":"https:\/\/solidar.ch\/fr\/wp-json\/wp\/v2\/wf_post_folders?post=28167"}],"curies":[{"name":"wp","href":"https:\/\/api.w.org\/{rel}","templated":true}]}}