{"id":32215,"date":"2023-09-12T06:30:23","date_gmt":"2023-09-12T05:30:23","guid":{"rendered":"https:\/\/solidar.ch\/?p=32215"},"modified":"2025-06-05T12:48:01","modified_gmt":"2025-06-05T11:48:01","slug":"braver-les-obstacles-pour-se-former","status":"publish","type":"post","link":"https:\/\/solidar.ch\/fr\/braver-les-obstacles-pour-se-former\/","title":{"rendered":"Braver les obstacles pour se former"},"content":{"rendered":"","protected":false},"excerpt":{"rendered":"","protected":false},"author":13,"featured_media":0,"comment_status":"open","ping_status":"open","sticky":false,"template":"","format":"standard","meta":{"_acf_changed":false,"_seopress_robots_primary_cat":"none","_seopress_titles_title":"Braver les obstacles pour se former | Solidar Suisse","_seopress_titles_desc":"Au Burkina Faso, les jeunes filles font face \u00e0 un v\u00e9ritable parcours d\u2019obstacles lorsqu\u2019il s\u2019agit d\u2019\u00eatre form\u00e9es. Pourtant, des jeunes filles r\u00e9ussissent et acqui\u00e8rent un m\u00e9tier.","_seopress_robots_index":"","footnotes":""},"categories":[1671,1589,1634,1669,38],"tags":[],"wf_post_folders":[],"class_list":["post-32215","post","type-post","status-publish","format-standard","hentry","category-burkina-faso-fr","category-des-conditions-de-travail-equitables","category-droits-des-femmes","category-formation-professionnelle","category-non-classifiee"],"acf":[],"_links":{"self":[{"href":"https:\/\/solidar.ch\/fr\/wp-json\/wp\/v2\/posts\/32215","targetHints":{"allow":["GET"]}}],"collection":[{"href":"https:\/\/solidar.ch\/fr\/wp-json\/wp\/v2\/posts"}],"about":[{"href":"https:\/\/solidar.ch\/fr\/wp-json\/wp\/v2\/types\/post"}],"author":[{"embeddable":true,"href":"https:\/\/solidar.ch\/fr\/wp-json\/wp\/v2\/users\/13"}],"replies":[{"embeddable":true,"href":"https:\/\/solidar.ch\/fr\/wp-json\/wp\/v2\/comments?post=32215"}],"version-history":[{"count":0,"href":"https:\/\/solidar.ch\/fr\/wp-json\/wp\/v2\/posts\/32215\/revisions"}],"wp:attachment":[{"href":"https:\/\/solidar.ch\/fr\/wp-json\/wp\/v2\/media?parent=32215"}],"wp:term":[{"taxonomy":"category","embeddable":true,"href":"https:\/\/solidar.ch\/fr\/wp-json\/wp\/v2\/categories?post=32215"},{"taxonomy":"post_tag","embeddable":true,"href":"https:\/\/solidar.ch\/fr\/wp-json\/wp\/v2\/tags?post=32215"},{"taxonomy":"wf_post_folders","embeddable":true,"href":"https:\/\/solidar.ch\/fr\/wp-json\/wp\/v2\/wf_post_folders?post=32215"}],"curies":[{"name":"wp","href":"https:\/\/api.w.org\/{rel}","templated":true}]}}