{"id":32225,"date":"2023-08-18T07:02:06","date_gmt":"2023-08-18T06:02:06","guid":{"rendered":"https:\/\/solidar.ch\/?p=32225"},"modified":"2023-08-22T11:43:32","modified_gmt":"2023-08-22T10:43:32","slug":"mousson-devastatrice-pour-les-rohinghya","status":"publish","type":"post","link":"https:\/\/solidar.ch\/fr\/mousson-devastatrice-pour-les-rohinghya\/","title":{"rendered":"Inondations au Bangladesh : une trag\u00e9die sans nom pour les Rohingya"},"content":{"rendered":"","protected":false},"excerpt":{"rendered":"","protected":false},"author":28,"featured_media":0,"comment_status":"open","ping_status":"open","sticky":false,"template":"","format":"standard","meta":{"_acf_changed":false,"_seopress_robots_primary_cat":"none","_seopress_titles_title":"Bangladesh : mousson meurtri\u00e8re pour les Rohingya | Solidar Suisse ","_seopress_titles_desc":"Depuis d\u00e9but ao\u00fbt, la mousson engendre inondations et glissements de terrain au Bangladesh. Les Rohingya voient leurs conditions de vie s&#039;aggraver encore. ","_seopress_robots_index":"","footnotes":""},"categories":[38],"tags":[],"wf_post_folders":[],"class_list":["post-32225","post","type-post","status-publish","format-standard","hentry","category-non-classifiee"],"acf":[],"_links":{"self":[{"href":"https:\/\/solidar.ch\/fr\/wp-json\/wp\/v2\/posts\/32225","targetHints":{"allow":["GET"]}}],"collection":[{"href":"https:\/\/solidar.ch\/fr\/wp-json\/wp\/v2\/posts"}],"about":[{"href":"https:\/\/solidar.ch\/fr\/wp-json\/wp\/v2\/types\/post"}],"author":[{"embeddable":true,"href":"https:\/\/solidar.ch\/fr\/wp-json\/wp\/v2\/users\/28"}],"replies":[{"embeddable":true,"href":"https:\/\/solidar.ch\/fr\/wp-json\/wp\/v2\/comments?post=32225"}],"version-history":[{"count":0,"href":"https:\/\/solidar.ch\/fr\/wp-json\/wp\/v2\/posts\/32225\/revisions"}],"wp:attachment":[{"href":"https:\/\/solidar.ch\/fr\/wp-json\/wp\/v2\/media?parent=32225"}],"wp:term":[{"taxonomy":"category","embeddable":true,"href":"https:\/\/solidar.ch\/fr\/wp-json\/wp\/v2\/categories?post=32225"},{"taxonomy":"post_tag","embeddable":true,"href":"https:\/\/solidar.ch\/fr\/wp-json\/wp\/v2\/tags?post=32225"},{"taxonomy":"wf_post_folders","embeddable":true,"href":"https:\/\/solidar.ch\/fr\/wp-json\/wp\/v2\/wf_post_folders?post=32225"}],"curies":[{"name":"wp","href":"https:\/\/api.w.org\/{rel}","templated":true}]}}