{"id":34917,"date":"2024-02-14T16:31:48","date_gmt":"2024-02-14T15:31:48","guid":{"rendered":"https:\/\/solidar.ch\/bundesrat-laesst-iza-ausbluten\/"},"modified":"2024-02-15T08:07:59","modified_gmt":"2024-02-15T07:07:59","slug":"la-cooperation-au-developpement-saignee-a-blanc-par-le-conseil-federal","status":"publish","type":"post","link":"https:\/\/solidar.ch\/fr\/la-cooperation-au-developpement-saignee-a-blanc-par-le-conseil-federal\/","title":{"rendered":"La coop\u00e9ration au d\u00e9veloppement saign\u00e9e \u00e0 blanc par le Conseil f\u00e9d\u00e9ral"},"content":{"rendered":"","protected":false},"excerpt":{"rendered":"","protected":false},"author":22,"featured_media":0,"comment_status":"open","ping_status":"open","sticky":false,"template":"","format":"standard","meta":{"_acf_changed":false,"_seopress_robots_primary_cat":"none","_seopress_titles_title":"Coop\u00e9ration au d\u00e9veloppement saign\u00e9e \u00e0 blanc | Solidar Suisse","_seopress_titles_desc":"Le Conseil F\u00e9d\u00e9ral a pr\u00e9sent\u00e9 les chiffres cl\u00e9s du budget 2025. Il pr\u00e9voit de r\u00e9duire la coop\u00e9ration internationale, ce qui serait fatal pour de nombreux pays. ","_seopress_robots_index":"","footnotes":""},"categories":[1674],"tags":[],"wf_post_folders":[],"class_list":["post-34917","post","type-post","status-publish","format-standard","hentry","category-communiques-de-presse"],"acf":[],"_links":{"self":[{"href":"https:\/\/solidar.ch\/fr\/wp-json\/wp\/v2\/posts\/34917","targetHints":{"allow":["GET"]}}],"collection":[{"href":"https:\/\/solidar.ch\/fr\/wp-json\/wp\/v2\/posts"}],"about":[{"href":"https:\/\/solidar.ch\/fr\/wp-json\/wp\/v2\/types\/post"}],"author":[{"embeddable":true,"href":"https:\/\/solidar.ch\/fr\/wp-json\/wp\/v2\/users\/22"}],"replies":[{"embeddable":true,"href":"https:\/\/solidar.ch\/fr\/wp-json\/wp\/v2\/comments?post=34917"}],"version-history":[{"count":0,"href":"https:\/\/solidar.ch\/fr\/wp-json\/wp\/v2\/posts\/34917\/revisions"}],"wp:attachment":[{"href":"https:\/\/solidar.ch\/fr\/wp-json\/wp\/v2\/media?parent=34917"}],"wp:term":[{"taxonomy":"category","embeddable":true,"href":"https:\/\/solidar.ch\/fr\/wp-json\/wp\/v2\/categories?post=34917"},{"taxonomy":"post_tag","embeddable":true,"href":"https:\/\/solidar.ch\/fr\/wp-json\/wp\/v2\/tags?post=34917"},{"taxonomy":"wf_post_folders","embeddable":true,"href":"https:\/\/solidar.ch\/fr\/wp-json\/wp\/v2\/wf_post_folders?post=34917"}],"curies":[{"name":"wp","href":"https:\/\/api.w.org\/{rel}","templated":true}]}}