{"id":35282,"date":"2025-03-10T13:14:33","date_gmt":"2025-03-10T12:14:33","guid":{"rendered":"https:\/\/solidar.ch\/?p=35282"},"modified":"2025-05-21T07:53:05","modified_gmt":"2025-05-21T06:53:05","slug":"gv-2025","status":"publish","type":"post","link":"https:\/\/solidar.ch\/fr\/gv-2025\/","title":{"rendered":"Assembl\u00e9e g\u00e9n\u00e9rale 2025"},"content":{"rendered":"","protected":false},"excerpt":{"rendered":"","protected":false},"author":22,"featured_media":0,"comment_status":"closed","ping_status":"open","sticky":false,"template":"","format":"standard","meta":{"_acf_changed":false,"_seopress_robots_primary_cat":"none","_seopress_titles_title":"Assembl\u00e9e g\u00e9n\u00e9rale et table ronde 2025 | Solidar Suisse","_seopress_titles_desc":"Notre assembl\u00e9e g\u00e9n\u00e9rale aura lieu le 21 mai 2025 et comprendra une table ronde sur le th\u00e8me \r\n\u00ab l'Amazonie en feu, une catastrophe sous-\u00e9valu\u00e9e \u00bb.","_seopress_robots_index":"","footnotes":""},"categories":[1668,1643,1673,38],"tags":[],"wf_post_folders":[],"class_list":["post-35282","post","type-post","status-publish","format-standard","hentry","category-agenda-fr","category-aide-humanitaire","category-justice-climatique","category-non-classifiee"],"acf":[],"_links":{"self":[{"href":"https:\/\/solidar.ch\/fr\/wp-json\/wp\/v2\/posts\/35282","targetHints":{"allow":["GET"]}}],"collection":[{"href":"https:\/\/solidar.ch\/fr\/wp-json\/wp\/v2\/posts"}],"about":[{"href":"https:\/\/solidar.ch\/fr\/wp-json\/wp\/v2\/types\/post"}],"author":[{"embeddable":true,"href":"https:\/\/solidar.ch\/fr\/wp-json\/wp\/v2\/users\/22"}],"replies":[{"embeddable":true,"href":"https:\/\/solidar.ch\/fr\/wp-json\/wp\/v2\/comments?post=35282"}],"version-history":[{"count":0,"href":"https:\/\/solidar.ch\/fr\/wp-json\/wp\/v2\/posts\/35282\/revisions"}],"wp:attachment":[{"href":"https:\/\/solidar.ch\/fr\/wp-json\/wp\/v2\/media?parent=35282"}],"wp:term":[{"taxonomy":"category","embeddable":true,"href":"https:\/\/solidar.ch\/fr\/wp-json\/wp\/v2\/categories?post=35282"},{"taxonomy":"post_tag","embeddable":true,"href":"https:\/\/solidar.ch\/fr\/wp-json\/wp\/v2\/tags?post=35282"},{"taxonomy":"wf_post_folders","embeddable":true,"href":"https:\/\/solidar.ch\/fr\/wp-json\/wp\/v2\/wf_post_folders?post=35282"}],"curies":[{"name":"wp","href":"https:\/\/api.w.org\/{rel}","templated":true}]}}