{"id":35471,"date":"2024-03-05T10:45:13","date_gmt":"2024-03-05T09:45:13","guid":{"rendered":"https:\/\/solidar.ch\/medienmitteilung-diskussion-um-ukraine-hilfe\/"},"modified":"2024-03-05T13:41:08","modified_gmt":"2024-03-05T12:41:08","slug":"communique-de-presse-discussion-sur-laide-en-ukraine","status":"publish","type":"post","link":"https:\/\/solidar.ch\/fr\/communique-de-presse-discussion-sur-laide-en-ukraine\/","title":{"rendered":"Communiqu\u00e9 de presse : discussion sur l&rsquo;aide en Ukraine"},"content":{"rendered":"","protected":false},"excerpt":{"rendered":"","protected":false},"author":22,"featured_media":0,"comment_status":"open","ping_status":"open","sticky":false,"template":"","format":"standard","meta":{"_acf_changed":false,"_seopress_robots_primary_cat":"none","_seopress_titles_title":"Communiqu\u00e9 de presse : aide en Ukraine | Solidar Suisse","_seopress_titles_desc":"Le Conseil national a rejet\u00e9 la motion de sa Commission des finances qui aurait garanti que la reconstruction de l&#039;Ukraine ne soit pas financ\u00e9e sur le dos du Sud. ","_seopress_robots_index":"","footnotes":""},"categories":[1674],"tags":[],"wf_post_folders":[],"class_list":["post-35471","post","type-post","status-publish","format-standard","hentry","category-communiques-de-presse"],"acf":[],"_links":{"self":[{"href":"https:\/\/solidar.ch\/fr\/wp-json\/wp\/v2\/posts\/35471","targetHints":{"allow":["GET"]}}],"collection":[{"href":"https:\/\/solidar.ch\/fr\/wp-json\/wp\/v2\/posts"}],"about":[{"href":"https:\/\/solidar.ch\/fr\/wp-json\/wp\/v2\/types\/post"}],"author":[{"embeddable":true,"href":"https:\/\/solidar.ch\/fr\/wp-json\/wp\/v2\/users\/22"}],"replies":[{"embeddable":true,"href":"https:\/\/solidar.ch\/fr\/wp-json\/wp\/v2\/comments?post=35471"}],"version-history":[{"count":0,"href":"https:\/\/solidar.ch\/fr\/wp-json\/wp\/v2\/posts\/35471\/revisions"}],"wp:attachment":[{"href":"https:\/\/solidar.ch\/fr\/wp-json\/wp\/v2\/media?parent=35471"}],"wp:term":[{"taxonomy":"category","embeddable":true,"href":"https:\/\/solidar.ch\/fr\/wp-json\/wp\/v2\/categories?post=35471"},{"taxonomy":"post_tag","embeddable":true,"href":"https:\/\/solidar.ch\/fr\/wp-json\/wp\/v2\/tags?post=35471"},{"taxonomy":"wf_post_folders","embeddable":true,"href":"https:\/\/solidar.ch\/fr\/wp-json\/wp\/v2\/wf_post_folders?post=35471"}],"curies":[{"name":"wp","href":"https:\/\/api.w.org\/{rel}","templated":true}]}}