{"id":36817,"date":"2024-06-04T10:31:31","date_gmt":"2024-06-04T09:31:31","guid":{"rendered":"https:\/\/solidar.ch\/?p=36817"},"modified":"2024-06-04T15:01:46","modified_gmt":"2024-06-04T14:01:46","slug":"communique-de-presse-largent-de-la-cooperation-pour-larmee","status":"publish","type":"post","link":"https:\/\/solidar.ch\/fr\/communique-de-presse-largent-de-la-cooperation-pour-larmee\/","title":{"rendered":"Communiqu\u00e9 de presse : l&rsquo;argent de la coop\u00e9ration pour l&rsquo;arm\u00e9e"},"content":{"rendered":"","protected":false},"excerpt":{"rendered":"","protected":false},"author":22,"featured_media":0,"comment_status":"open","ping_status":"open","sticky":false,"template":"","format":"standard","meta":{"_acf_changed":false,"_seopress_robots_primary_cat":"none","_seopress_titles_title":"Communiqu\u00e9 de presse : l'argent du d\u00e9veloppement pour l'arm\u00e9e | Solidar Suisse","_seopress_titles_desc":"Le Conseil des Etats veut augmenter le budget de l'arm\u00e9e de 4 milliards de francs. 2 milliards devraient \u00eatre retir\u00e9s de la coop\u00e9ration au d\u00e9veloppement.","_seopress_robots_index":"","footnotes":""},"categories":[1643,1674,3661,38],"tags":[],"wf_post_folders":[],"class_list":["post-36817","post","type-post","status-publish","format-standard","hentry","category-aide-humanitaire","category-communiques-de-presse","category-entwicklungszusammenarbeit-fr","category-non-classifiee"],"acf":[],"_links":{"self":[{"href":"https:\/\/solidar.ch\/fr\/wp-json\/wp\/v2\/posts\/36817","targetHints":{"allow":["GET"]}}],"collection":[{"href":"https:\/\/solidar.ch\/fr\/wp-json\/wp\/v2\/posts"}],"about":[{"href":"https:\/\/solidar.ch\/fr\/wp-json\/wp\/v2\/types\/post"}],"author":[{"embeddable":true,"href":"https:\/\/solidar.ch\/fr\/wp-json\/wp\/v2\/users\/22"}],"replies":[{"embeddable":true,"href":"https:\/\/solidar.ch\/fr\/wp-json\/wp\/v2\/comments?post=36817"}],"version-history":[{"count":0,"href":"https:\/\/solidar.ch\/fr\/wp-json\/wp\/v2\/posts\/36817\/revisions"}],"wp:attachment":[{"href":"https:\/\/solidar.ch\/fr\/wp-json\/wp\/v2\/media?parent=36817"}],"wp:term":[{"taxonomy":"category","embeddable":true,"href":"https:\/\/solidar.ch\/fr\/wp-json\/wp\/v2\/categories?post=36817"},{"taxonomy":"post_tag","embeddable":true,"href":"https:\/\/solidar.ch\/fr\/wp-json\/wp\/v2\/tags?post=36817"},{"taxonomy":"wf_post_folders","embeddable":true,"href":"https:\/\/solidar.ch\/fr\/wp-json\/wp\/v2\/wf_post_folders?post=36817"}],"curies":[{"name":"wp","href":"https:\/\/api.w.org\/{rel}","templated":true}]}}