{"id":38881,"date":"2024-09-09T10:50:56","date_gmt":"2024-09-09T09:50:56","guid":{"rendered":"https:\/\/solidar.ch\/?p=38881"},"modified":"2024-09-09T11:04:26","modified_gmt":"2024-09-09T10:04:26","slug":"cooperation-au-developpement-les-organisations-tirent-la-sonnette-dalarme-dans-les-villes-suisses","status":"publish","type":"post","link":"https:\/\/solidar.ch\/fr\/cooperation-au-developpement-les-organisations-tirent-la-sonnette-dalarme-dans-les-villes-suisses\/","title":{"rendered":"Coop\u00e9ration au d\u00e9veloppement : les organisations tirent la sonnette d&rsquo;alarme dans les villes suisses"},"content":{"rendered":"","protected":false},"excerpt":{"rendered":"","protected":false},"author":28,"featured_media":0,"comment_status":"open","ping_status":"open","sticky":false,"template":"","format":"standard","meta":{"_acf_changed":false,"_seopress_robots_primary_cat":"none","_seopress_titles_title":"Alarme solidarit\u00e9 pour la coop\u00e9ration au d\u00e9veloppement | Solidar Suisse","_seopress_titles_desc":"Coupes massives dans la coop\u00e9ration au d\u00e9veloppement : les organisations de d\u00e9veloppement tirent la sonnette d'alarme dans les villes suisses.","_seopress_robots_index":"","footnotes":""},"categories":[1674,38],"tags":[],"wf_post_folders":[],"class_list":["post-38881","post","type-post","status-publish","format-standard","hentry","category-communiques-de-presse","category-non-classifiee"],"acf":[],"_links":{"self":[{"href":"https:\/\/solidar.ch\/fr\/wp-json\/wp\/v2\/posts\/38881","targetHints":{"allow":["GET"]}}],"collection":[{"href":"https:\/\/solidar.ch\/fr\/wp-json\/wp\/v2\/posts"}],"about":[{"href":"https:\/\/solidar.ch\/fr\/wp-json\/wp\/v2\/types\/post"}],"author":[{"embeddable":true,"href":"https:\/\/solidar.ch\/fr\/wp-json\/wp\/v2\/users\/28"}],"replies":[{"embeddable":true,"href":"https:\/\/solidar.ch\/fr\/wp-json\/wp\/v2\/comments?post=38881"}],"version-history":[{"count":0,"href":"https:\/\/solidar.ch\/fr\/wp-json\/wp\/v2\/posts\/38881\/revisions"}],"wp:attachment":[{"href":"https:\/\/solidar.ch\/fr\/wp-json\/wp\/v2\/media?parent=38881"}],"wp:term":[{"taxonomy":"category","embeddable":true,"href":"https:\/\/solidar.ch\/fr\/wp-json\/wp\/v2\/categories?post=38881"},{"taxonomy":"post_tag","embeddable":true,"href":"https:\/\/solidar.ch\/fr\/wp-json\/wp\/v2\/tags?post=38881"},{"taxonomy":"wf_post_folders","embeddable":true,"href":"https:\/\/solidar.ch\/fr\/wp-json\/wp\/v2\/wf_post_folders?post=38881"}],"curies":[{"name":"wp","href":"https:\/\/api.w.org\/{rel}","templated":true}]}}