{"id":41625,"date":"2024-12-16T11:17:01","date_gmt":"2024-12-16T10:17:01","guid":{"rendered":"https:\/\/solidar.ch\/?p=41625"},"modified":"2024-12-16T11:17:01","modified_gmt":"2024-12-16T10:17:01","slug":"deux-megacrises-existentielles","status":"publish","type":"post","link":"https:\/\/solidar.ch\/fr\/deux-megacrises-existentielles\/","title":{"rendered":"Deux m\u00e9gacrises existentielles"},"content":{"rendered":"","protected":false},"excerpt":{"rendered":"","protected":false},"author":28,"featured_media":0,"comment_status":"open","ping_status":"open","sticky":false,"template":"","format":"standard","meta":{"_acf_changed":false,"_seopress_robots_primary_cat":"none","_seopress_titles_title":"","_seopress_titles_desc":"Le changement climatique et les in\u00e9galit\u00e9s sociales, les deux m\u00e9gacrises de notre \u00e9poque,  menacent la vie humaine sur notre plan\u00e8te. Il est grand temps d\u2019agir.","_seopress_robots_index":"","footnotes":""},"categories":[1668,1673,1615],"tags":[],"wf_post_folders":[],"class_list":["post-41625","post","type-post","status-publish","format-standard","hentry","category-agenda-fr","category-justice-climatique","category-justice-sociale"],"acf":[],"_links":{"self":[{"href":"https:\/\/solidar.ch\/fr\/wp-json\/wp\/v2\/posts\/41625","targetHints":{"allow":["GET"]}}],"collection":[{"href":"https:\/\/solidar.ch\/fr\/wp-json\/wp\/v2\/posts"}],"about":[{"href":"https:\/\/solidar.ch\/fr\/wp-json\/wp\/v2\/types\/post"}],"author":[{"embeddable":true,"href":"https:\/\/solidar.ch\/fr\/wp-json\/wp\/v2\/users\/28"}],"replies":[{"embeddable":true,"href":"https:\/\/solidar.ch\/fr\/wp-json\/wp\/v2\/comments?post=41625"}],"version-history":[{"count":0,"href":"https:\/\/solidar.ch\/fr\/wp-json\/wp\/v2\/posts\/41625\/revisions"}],"wp:attachment":[{"href":"https:\/\/solidar.ch\/fr\/wp-json\/wp\/v2\/media?parent=41625"}],"wp:term":[{"taxonomy":"category","embeddable":true,"href":"https:\/\/solidar.ch\/fr\/wp-json\/wp\/v2\/categories?post=41625"},{"taxonomy":"post_tag","embeddable":true,"href":"https:\/\/solidar.ch\/fr\/wp-json\/wp\/v2\/tags?post=41625"},{"taxonomy":"wf_post_folders","embeddable":true,"href":"https:\/\/solidar.ch\/fr\/wp-json\/wp\/v2\/wf_post_folders?post=41625"}],"curies":[{"name":"wp","href":"https:\/\/api.w.org\/{rel}","templated":true}]}}