{"id":42348,"date":"2025-01-21T13:13:10","date_gmt":"2025-01-21T12:13:10","guid":{"rendered":"https:\/\/solidar.ch\/?p=42348"},"modified":"2025-01-21T13:12:24","modified_gmt":"2025-01-21T12:12:24","slug":"changement-climatique-se-battre-pour-survivre","status":"publish","type":"post","link":"https:\/\/solidar.ch\/fr\/changement-climatique-se-battre-pour-survivre\/","title":{"rendered":"Changement climatique : se battre pour survivre"},"content":{"rendered":"","protected":false},"excerpt":{"rendered":"","protected":false},"author":28,"featured_media":0,"comment_status":"open","ping_status":"open","sticky":false,"template":"","format":"standard","meta":{"_acf_changed":false,"_seopress_robots_primary_cat":"none","_seopress_titles_title":"Changement climatique : se battre pour survivre | Solidar Suisse","_seopress_titles_desc":"Le Pakistan et le Bangladesh sont durement affect\u00e9s par un changement climatique auquel ils ont \u00e0 peine contribu\u00e9. Une situation qui renforce les in\u00e9galit\u00e9s.","_seopress_robots_index":"","footnotes":""},"categories":[1668,1643,136,1673,3577],"tags":[],"wf_post_folders":[],"class_list":["post-42348","post","type-post","status-publish","format-standard","hentry","category-agenda-fr","category-aide-humanitaire","category-bangladesh","category-justice-climatique","category-pakistan-fr-2"],"acf":[],"_links":{"self":[{"href":"https:\/\/solidar.ch\/fr\/wp-json\/wp\/v2\/posts\/42348","targetHints":{"allow":["GET"]}}],"collection":[{"href":"https:\/\/solidar.ch\/fr\/wp-json\/wp\/v2\/posts"}],"about":[{"href":"https:\/\/solidar.ch\/fr\/wp-json\/wp\/v2\/types\/post"}],"author":[{"embeddable":true,"href":"https:\/\/solidar.ch\/fr\/wp-json\/wp\/v2\/users\/28"}],"replies":[{"embeddable":true,"href":"https:\/\/solidar.ch\/fr\/wp-json\/wp\/v2\/comments?post=42348"}],"version-history":[{"count":0,"href":"https:\/\/solidar.ch\/fr\/wp-json\/wp\/v2\/posts\/42348\/revisions"}],"wp:attachment":[{"href":"https:\/\/solidar.ch\/fr\/wp-json\/wp\/v2\/media?parent=42348"}],"wp:term":[{"taxonomy":"category","embeddable":true,"href":"https:\/\/solidar.ch\/fr\/wp-json\/wp\/v2\/categories?post=42348"},{"taxonomy":"post_tag","embeddable":true,"href":"https:\/\/solidar.ch\/fr\/wp-json\/wp\/v2\/tags?post=42348"},{"taxonomy":"wf_post_folders","embeddable":true,"href":"https:\/\/solidar.ch\/fr\/wp-json\/wp\/v2\/wf_post_folders?post=42348"}],"curies":[{"name":"wp","href":"https:\/\/api.w.org\/{rel}","templated":true}]}}