{"id":43090,"date":"2025-02-05T10:28:19","date_gmt":"2025-02-05T09:28:19","guid":{"rendered":"https:\/\/solidar.ch\/?p=43090"},"modified":"2025-02-10T14:20:22","modified_gmt":"2025-02-10T13:20:22","slug":"turquie-et-syrie-deux-ans-apres-la-catastrophe","status":"publish","type":"post","link":"https:\/\/solidar.ch\/fr\/turquie-et-syrie-deux-ans-apres-la-catastrophe\/","title":{"rendered":"Turquie et Syrie : deux ans apr\u00e8s la catastrophe"},"content":{"rendered":"","protected":false},"excerpt":{"rendered":"","protected":false},"author":22,"featured_media":0,"comment_status":"closed","ping_status":"closed","sticky":false,"template":"","format":"standard","meta":{"_acf_changed":false,"_seopress_robots_primary_cat":"none","_seopress_titles_title":"Turquie et Syrie : deux ans apr\u00e8s la catastrophe | Solidar Suisse","_seopress_titles_desc":"Deux ans apr\u00e8s les tremblements de terre, la Turquie et la Syrie sont d\u00e9truites. Solidar Suisse apporte son soutien, notamment \u00e0 la famille Homsi.","_seopress_robots_index":"","footnotes":""},"categories":[1668,1643,38,3664],"tags":[],"wf_post_folders":[],"class_list":["post-43090","post","type-post","status-publish","format-standard","hentry","category-agenda-fr","category-aide-humanitaire","category-non-classifiee","category-tuerkei-syrien-2-fr"],"acf":[],"_links":{"self":[{"href":"https:\/\/solidar.ch\/fr\/wp-json\/wp\/v2\/posts\/43090","targetHints":{"allow":["GET"]}}],"collection":[{"href":"https:\/\/solidar.ch\/fr\/wp-json\/wp\/v2\/posts"}],"about":[{"href":"https:\/\/solidar.ch\/fr\/wp-json\/wp\/v2\/types\/post"}],"author":[{"embeddable":true,"href":"https:\/\/solidar.ch\/fr\/wp-json\/wp\/v2\/users\/22"}],"replies":[{"embeddable":true,"href":"https:\/\/solidar.ch\/fr\/wp-json\/wp\/v2\/comments?post=43090"}],"version-history":[{"count":0,"href":"https:\/\/solidar.ch\/fr\/wp-json\/wp\/v2\/posts\/43090\/revisions"}],"wp:attachment":[{"href":"https:\/\/solidar.ch\/fr\/wp-json\/wp\/v2\/media?parent=43090"}],"wp:term":[{"taxonomy":"category","embeddable":true,"href":"https:\/\/solidar.ch\/fr\/wp-json\/wp\/v2\/categories?post=43090"},{"taxonomy":"post_tag","embeddable":true,"href":"https:\/\/solidar.ch\/fr\/wp-json\/wp\/v2\/tags?post=43090"},{"taxonomy":"wf_post_folders","embeddable":true,"href":"https:\/\/solidar.ch\/fr\/wp-json\/wp\/v2\/wf_post_folders?post=43090"}],"curies":[{"name":"wp","href":"https:\/\/api.w.org\/{rel}","templated":true}]}}