{"id":43706,"date":"2025-03-05T17:35:54","date_gmt":"2025-03-05T16:35:54","guid":{"rendered":"https:\/\/solidar.ch\/?p=43706"},"modified":"2025-03-06T15:52:47","modified_gmt":"2025-03-06T14:52:47","slug":"le-monde-en-desequilibre","status":"publish","type":"post","link":"https:\/\/solidar.ch\/fr\/le-monde-en-desequilibre\/","title":{"rendered":"Le monde en d\u00e9s\u00e9quilibre"},"content":{"rendered":"","protected":false},"excerpt":{"rendered":"","protected":false},"author":22,"featured_media":0,"comment_status":"open","ping_status":"open","sticky":false,"template":"","format":"standard","meta":{"_acf_changed":false,"_seopress_robots_primary_cat":"none","_seopress_titles_title":"","_seopress_titles_desc":"Mont\u00e9e de la droite, coupes drastiques dans la coop\u00e9ration au d\u00e9veloppement et r\u00e9ductions budg\u00e9taires: la solidarit\u00e9 internationale s'effondre de mani\u00e8re effrayante.","_seopress_robots_index":"","footnotes":""},"categories":[1668,1643,1615,3642,38,3647],"tags":[],"wf_post_folders":[],"class_list":["post-43706","post","type-post","status-publish","format-standard","hentry","category-agenda-fr","category-aide-humanitaire","category-justice-sociale","category-menschenrechte-fr","category-non-classifiee","category-ungleichheit-fr"],"acf":[],"_links":{"self":[{"href":"https:\/\/solidar.ch\/fr\/wp-json\/wp\/v2\/posts\/43706","targetHints":{"allow":["GET"]}}],"collection":[{"href":"https:\/\/solidar.ch\/fr\/wp-json\/wp\/v2\/posts"}],"about":[{"href":"https:\/\/solidar.ch\/fr\/wp-json\/wp\/v2\/types\/post"}],"author":[{"embeddable":true,"href":"https:\/\/solidar.ch\/fr\/wp-json\/wp\/v2\/users\/22"}],"replies":[{"embeddable":true,"href":"https:\/\/solidar.ch\/fr\/wp-json\/wp\/v2\/comments?post=43706"}],"version-history":[{"count":0,"href":"https:\/\/solidar.ch\/fr\/wp-json\/wp\/v2\/posts\/43706\/revisions"}],"wp:attachment":[{"href":"https:\/\/solidar.ch\/fr\/wp-json\/wp\/v2\/media?parent=43706"}],"wp:term":[{"taxonomy":"category","embeddable":true,"href":"https:\/\/solidar.ch\/fr\/wp-json\/wp\/v2\/categories?post=43706"},{"taxonomy":"post_tag","embeddable":true,"href":"https:\/\/solidar.ch\/fr\/wp-json\/wp\/v2\/tags?post=43706"},{"taxonomy":"wf_post_folders","embeddable":true,"href":"https:\/\/solidar.ch\/fr\/wp-json\/wp\/v2\/wf_post_folders?post=43706"}],"curies":[{"name":"wp","href":"https:\/\/api.w.org\/{rel}","templated":true}]}}