{"id":45975,"date":"2025-06-16T17:00:50","date_gmt":"2025-06-16T15:00:50","guid":{"rendered":"https:\/\/solidar.ch\/?p=45975"},"modified":"2025-06-16T16:38:12","modified_gmt":"2025-06-16T14:38:12","slug":"bolivie-reconstruction-apres-les-inondations","status":"publish","type":"post","link":"https:\/\/solidar.ch\/fr\/bolivie-reconstruction-apres-les-inondations\/","title":{"rendered":"Bolivie : reconstruction apr\u00e8s les inondations"},"content":{"rendered":"","protected":false},"excerpt":{"rendered":"","protected":false},"author":22,"featured_media":0,"comment_status":"open","ping_status":"open","sticky":false,"template":"","format":"standard","meta":{"_acf_changed":false,"_seopress_robots_primary_cat":"none","_seopress_titles_title":"Bolivie : reconstruction apr\u00e8s les inondations | Solidar Suisse","_seopress_titles_desc":"Solidar Suisse apporte une aide d'urgence aux communaut\u00e9s afffect\u00e9es par les inondations en Bolivie et leur propose des solutions durables pour reconstruire un avenir.","_seopress_robots_index":"","footnotes":""},"categories":[1668,1643,1622,38],"tags":[],"wf_post_folders":[],"class_list":["post-45975","post","type-post","status-publish","format-standard","hentry","category-agenda-fr","category-aide-humanitaire","category-bolivie","category-non-classifiee"],"acf":[],"_links":{"self":[{"href":"https:\/\/solidar.ch\/fr\/wp-json\/wp\/v2\/posts\/45975","targetHints":{"allow":["GET"]}}],"collection":[{"href":"https:\/\/solidar.ch\/fr\/wp-json\/wp\/v2\/posts"}],"about":[{"href":"https:\/\/solidar.ch\/fr\/wp-json\/wp\/v2\/types\/post"}],"author":[{"embeddable":true,"href":"https:\/\/solidar.ch\/fr\/wp-json\/wp\/v2\/users\/22"}],"replies":[{"embeddable":true,"href":"https:\/\/solidar.ch\/fr\/wp-json\/wp\/v2\/comments?post=45975"}],"version-history":[{"count":0,"href":"https:\/\/solidar.ch\/fr\/wp-json\/wp\/v2\/posts\/45975\/revisions"}],"wp:attachment":[{"href":"https:\/\/solidar.ch\/fr\/wp-json\/wp\/v2\/media?parent=45975"}],"wp:term":[{"taxonomy":"category","embeddable":true,"href":"https:\/\/solidar.ch\/fr\/wp-json\/wp\/v2\/categories?post=45975"},{"taxonomy":"post_tag","embeddable":true,"href":"https:\/\/solidar.ch\/fr\/wp-json\/wp\/v2\/tags?post=45975"},{"taxonomy":"wf_post_folders","embeddable":true,"href":"https:\/\/solidar.ch\/fr\/wp-json\/wp\/v2\/wf_post_folders?post=45975"}],"curies":[{"name":"wp","href":"https:\/\/api.w.org\/{rel}","templated":true}]}}