{"id":47237,"date":"2025-08-19T06:00:30","date_gmt":"2025-08-19T04:00:30","guid":{"rendered":"https:\/\/solidar.ch\/?p=47237"},"modified":"2025-08-20T07:34:28","modified_gmt":"2025-08-20T05:34:28","slug":"leffritement-des-valeurs-minquiete","status":"publish","type":"post","link":"https:\/\/solidar.ch\/fr\/leffritement-des-valeurs-minquiete\/","title":{"rendered":"\u00abL\u2019effritement des valeurs m\u2019inqui\u00e8te\u00bb"},"content":{"rendered":"","protected":false},"excerpt":{"rendered":"","protected":false},"author":13,"featured_media":0,"comment_status":"closed","ping_status":"open","sticky":false,"template":"","format":"standard","meta":{"_acf_changed":false,"_seopress_robots_primary_cat":"none","_seopress_titles_title":"","_seopress_titles_desc":"Patricia Danzi, directrice de la Direction du d\u00e9veloppement et de la coop\u00e9ration (DDC), explique l'impact des coupes sur la coop\u00e9ration internationale.","_seopress_robots_index":"","footnotes":""},"categories":[1643,3661,3647],"tags":[],"wf_post_folders":[],"class_list":["post-47237","post","type-post","status-publish","format-standard","hentry","category-aide-humanitaire","category-entwicklungszusammenarbeit-fr","category-ungleichheit-fr"],"acf":[],"_links":{"self":[{"href":"https:\/\/solidar.ch\/fr\/wp-json\/wp\/v2\/posts\/47237","targetHints":{"allow":["GET"]}}],"collection":[{"href":"https:\/\/solidar.ch\/fr\/wp-json\/wp\/v2\/posts"}],"about":[{"href":"https:\/\/solidar.ch\/fr\/wp-json\/wp\/v2\/types\/post"}],"author":[{"embeddable":true,"href":"https:\/\/solidar.ch\/fr\/wp-json\/wp\/v2\/users\/13"}],"replies":[{"embeddable":true,"href":"https:\/\/solidar.ch\/fr\/wp-json\/wp\/v2\/comments?post=47237"}],"version-history":[{"count":0,"href":"https:\/\/solidar.ch\/fr\/wp-json\/wp\/v2\/posts\/47237\/revisions"}],"wp:attachment":[{"href":"https:\/\/solidar.ch\/fr\/wp-json\/wp\/v2\/media?parent=47237"}],"wp:term":[{"taxonomy":"category","embeddable":true,"href":"https:\/\/solidar.ch\/fr\/wp-json\/wp\/v2\/categories?post=47237"},{"taxonomy":"post_tag","embeddable":true,"href":"https:\/\/solidar.ch\/fr\/wp-json\/wp\/v2\/tags?post=47237"},{"taxonomy":"wf_post_folders","embeddable":true,"href":"https:\/\/solidar.ch\/fr\/wp-json\/wp\/v2\/wf_post_folders?post=47237"}],"curies":[{"name":"wp","href":"https:\/\/api.w.org\/{rel}","templated":true}]}}