{"id":47571,"date":"2025-09-23T07:00:57","date_gmt":"2025-09-23T05:00:57","guid":{"rendered":"https:\/\/solidar.ch\/?p=47571"},"modified":"2025-09-22T16:32:09","modified_gmt":"2025-09-22T14:32:09","slug":"au-dela-de-la-survie","status":"publish","type":"post","link":"https:\/\/solidar.ch\/fr\/au-dela-de-la-survie\/","title":{"rendered":"Au-del\u00e0 de la survie"},"content":{"rendered":"","protected":false},"excerpt":{"rendered":"","protected":false},"author":13,"featured_media":0,"comment_status":"closed","ping_status":"open","sticky":false,"template":"","format":"standard","meta":{"_acf_changed":false,"_seopress_robots_primary_cat":"none","_seopress_titles_title":"Ukraine : Au-del\u00e0 de la survie | Solidar Suisse","_seopress_titles_desc":"Solidar Suisse soutient les v\u00e9t\u00e9ran\u00b7e\u00b7s et les communaut\u00e9s marqu\u00e9\u00b7e\u00b7s par les cons\u00e9quences de la guerre en Ukraine et ouvre des perspectives \u00e0 long terme.","_seopress_robots_index":"","footnotes":""},"categories":[1643,3613],"tags":[],"wf_post_folders":[],"class_list":["post-47571","post","type-post","status-publish","format-standard","hentry","category-aide-humanitaire","category-ukraine-fr"],"acf":[],"_links":{"self":[{"href":"https:\/\/solidar.ch\/fr\/wp-json\/wp\/v2\/posts\/47571","targetHints":{"allow":["GET"]}}],"collection":[{"href":"https:\/\/solidar.ch\/fr\/wp-json\/wp\/v2\/posts"}],"about":[{"href":"https:\/\/solidar.ch\/fr\/wp-json\/wp\/v2\/types\/post"}],"author":[{"embeddable":true,"href":"https:\/\/solidar.ch\/fr\/wp-json\/wp\/v2\/users\/13"}],"replies":[{"embeddable":true,"href":"https:\/\/solidar.ch\/fr\/wp-json\/wp\/v2\/comments?post=47571"}],"version-history":[{"count":0,"href":"https:\/\/solidar.ch\/fr\/wp-json\/wp\/v2\/posts\/47571\/revisions"}],"wp:attachment":[{"href":"https:\/\/solidar.ch\/fr\/wp-json\/wp\/v2\/media?parent=47571"}],"wp:term":[{"taxonomy":"category","embeddable":true,"href":"https:\/\/solidar.ch\/fr\/wp-json\/wp\/v2\/categories?post=47571"},{"taxonomy":"post_tag","embeddable":true,"href":"https:\/\/solidar.ch\/fr\/wp-json\/wp\/v2\/tags?post=47571"},{"taxonomy":"wf_post_folders","embeddable":true,"href":"https:\/\/solidar.ch\/fr\/wp-json\/wp\/v2\/wf_post_folders?post=47571"}],"curies":[{"name":"wp","href":"https:\/\/api.w.org\/{rel}","templated":true}]}}