{"id":50373,"date":"2026-03-03T14:51:45","date_gmt":"2026-03-03T13:51:45","guid":{"rendered":"https:\/\/solidar.ch\/?p=50373"},"modified":"2026-03-03T15:05:22","modified_gmt":"2026-03-03T14:05:22","slug":"lart-pour-preserver-la-foret","status":"publish","type":"post","link":"https:\/\/solidar.ch\/fr\/lart-pour-preserver-la-foret\/","title":{"rendered":"L&rsquo;art pour pr\u00e9server la for\u00eat"},"content":{"rendered":"","protected":false},"excerpt":{"rendered":"","protected":false},"author":28,"featured_media":0,"comment_status":"open","ping_status":"open","sticky":false,"template":"","format":"standard","meta":{"_acf_changed":false,"_seopress_robots_primary_cat":"none","_seopress_titles_title":"Bolivie: l'art pour pr\u00e9server la for\u00eat | Solidar Suisse","_seopress_titles_desc":"Gr\u00e2ce \u00e0 LanzArte, un projet de Solidar Suisse, des jeunes s\u2019engagent et utilisent l'art pour prot\u00e9ger la for\u00eat tropicale dans la r\u00e9gion amazonienne de Bolivie.","_seopress_robots_index":"","footnotes":""},"categories":[1668,1622,38],"tags":[],"wf_post_folders":[],"class_list":["post-50373","post","type-post","status-publish","format-standard","hentry","category-agenda-fr","category-bolivie","category-non-classifiee"],"acf":[],"_links":{"self":[{"href":"https:\/\/solidar.ch\/fr\/wp-json\/wp\/v2\/posts\/50373","targetHints":{"allow":["GET"]}}],"collection":[{"href":"https:\/\/solidar.ch\/fr\/wp-json\/wp\/v2\/posts"}],"about":[{"href":"https:\/\/solidar.ch\/fr\/wp-json\/wp\/v2\/types\/post"}],"author":[{"embeddable":true,"href":"https:\/\/solidar.ch\/fr\/wp-json\/wp\/v2\/users\/28"}],"replies":[{"embeddable":true,"href":"https:\/\/solidar.ch\/fr\/wp-json\/wp\/v2\/comments?post=50373"}],"version-history":[{"count":0,"href":"https:\/\/solidar.ch\/fr\/wp-json\/wp\/v2\/posts\/50373\/revisions"}],"wp:attachment":[{"href":"https:\/\/solidar.ch\/fr\/wp-json\/wp\/v2\/media?parent=50373"}],"wp:term":[{"taxonomy":"category","embeddable":true,"href":"https:\/\/solidar.ch\/fr\/wp-json\/wp\/v2\/categories?post=50373"},{"taxonomy":"post_tag","embeddable":true,"href":"https:\/\/solidar.ch\/fr\/wp-json\/wp\/v2\/tags?post=50373"},{"taxonomy":"wf_post_folders","embeddable":true,"href":"https:\/\/solidar.ch\/fr\/wp-json\/wp\/v2\/wf_post_folders?post=50373"}],"curies":[{"name":"wp","href":"https:\/\/api.w.org\/{rel}","templated":true}]}}