{"id":9988,"date":"2020-05-11T16:15:40","date_gmt":"2020-05-11T15:15:40","guid":{"rendered":"https:\/\/solidar.ch\/?p=9988"},"modified":"2022-10-10T16:31:39","modified_gmt":"2022-10-10T15:31:39","slug":"coronavirus-notre-action-au-kosovo","status":"publish","type":"post","link":"https:\/\/solidar.ch\/fr\/coronavirus-notre-action-au-kosovo\/","title":{"rendered":"Coronavirus: notre action au Kosovo"},"content":{"rendered":"","protected":false},"excerpt":{"rendered":"","protected":false},"author":22,"featured_media":0,"comment_status":"closed","ping_status":"open","sticky":false,"template":"","format":"standard","meta":{"_acf_changed":false,"_seopress_robots_primary_cat":"none","_seopress_titles_title":"","_seopress_titles_desc":"Des r\u00e8gles strictes sont appliqu\u00e9es au Kosovo afin d&#039;endiguer la propagation du virus Corona. Solidar Suisse s&#039;est mobilis\u00e9e pour les personnes travaillant dans le secteur de la sant\u00e9. ","_seopress_robots_index":"","footnotes":""},"categories":[1678],"tags":[],"wf_post_folders":[],"class_list":["post-9988","post","type-post","status-publish","format-standard","hentry","category-kosovo-fr"],"acf":[],"_links":{"self":[{"href":"https:\/\/solidar.ch\/fr\/wp-json\/wp\/v2\/posts\/9988","targetHints":{"allow":["GET"]}}],"collection":[{"href":"https:\/\/solidar.ch\/fr\/wp-json\/wp\/v2\/posts"}],"about":[{"href":"https:\/\/solidar.ch\/fr\/wp-json\/wp\/v2\/types\/post"}],"author":[{"embeddable":true,"href":"https:\/\/solidar.ch\/fr\/wp-json\/wp\/v2\/users\/22"}],"replies":[{"embeddable":true,"href":"https:\/\/solidar.ch\/fr\/wp-json\/wp\/v2\/comments?post=9988"}],"version-history":[{"count":0,"href":"https:\/\/solidar.ch\/fr\/wp-json\/wp\/v2\/posts\/9988\/revisions"}],"wp:attachment":[{"href":"https:\/\/solidar.ch\/fr\/wp-json\/wp\/v2\/media?parent=9988"}],"wp:term":[{"taxonomy":"category","embeddable":true,"href":"https:\/\/solidar.ch\/fr\/wp-json\/wp\/v2\/categories?post=9988"},{"taxonomy":"post_tag","embeddable":true,"href":"https:\/\/solidar.ch\/fr\/wp-json\/wp\/v2\/tags?post=9988"},{"taxonomy":"wf_post_folders","embeddable":true,"href":"https:\/\/solidar.ch\/fr\/wp-json\/wp\/v2\/wf_post_folders?post=9988"}],"curies":[{"name":"wp","href":"https:\/\/api.w.org\/{rel}","templated":true}]}}